{"id":3705,"date":"2022-02-22T16:13:04","date_gmt":"2022-02-22T23:13:04","guid":{"rendered":"https:\/\/cedehm.org.mx\/es\/?p=3705"},"modified":"2022-02-23T11:34:05","modified_gmt":"2022-02-23T18:34:05","slug":"por-primera-vez-en-chihuahua-se-publica-una-sentencia-condenatoria-como-parte-de-las-medidas-de-reparacion-en-un-caso-de-violencia-contra-las-mujeres-y-sus-hijos-e-hijas","status":"publish","type":"post","link":"https:\/\/cedehm.org.mx\/es\/2022\/02\/22\/por-primera-vez-en-chihuahua-se-publica-una-sentencia-condenatoria-como-parte-de-las-medidas-de-reparacion-en-un-caso-de-violencia-contra-las-mujeres-y-sus-hijos-e-hijas\/","title":{"rendered":"Por primera vez en Chihuahua se publica una sentencia condenatoria como parte de las medidas de reparaci\u00f3n en un caso de violencia contra las mujeres y sus hijos e hijas"},"content":{"rendered":"\n<p><strong>Chihuahua, Chih., a 22 de febrero de 2022.-<\/strong> El d\u00eda de hoy se hicieron p\u00fablicos los puntos resolutivos de la sentencia contra el C. Jos\u00e9 Alberto Caro M\u00e1rquez; condenado por violencia familiar y violaci\u00f3n agravada.<\/p>\n\n\n\n<p>En el a\u00f1o 2018 cuando ocurrieron los hechos, el imputado violent\u00f3 de forma f\u00edsica y sexual a qui\u00e9n entonces era su pareja; la resoluci\u00f3n del juez de control fue determinante para detonar una situaci\u00f3n que deriv\u00f3 en la completa revictimizaci\u00f3n de la afectada, promoviendo una narrativa que planteaba los hechos de violaci\u00f3n como \u201crelaci\u00f3n sexual de reconciliaci\u00f3n\u201d.<\/p>\n\n\n\n<p>Como parte de la estrategia jur\u00eddica, se promovieron las apelaciones necesarias para lograr una sentencia favorable, que reconoce la situaci\u00f3n de violencia y sus afectaciones tanto hacia la mujer como a su hija e hijo; que adem\u00e1s reconoce el escrutinio p\u00fablico al que fue expuesta la v\u00edctima y acredita la publicaci\u00f3n del resolutivo como parte de la reparaci\u00f3n integral del da\u00f1o.<\/p>\n\n\n\n<p>Tal como lo contempla la Ley General de V\u00edctimas: la revelaci\u00f3n p\u00fablica de la verdad, en algunos casos constituye una medida de satisfacci\u00f3n. En este caso concreto, la publicaci\u00f3n de la sentencia constituye parte importante de la reparaci\u00f3n solicitada por la v\u00edctima y sus representantes.<\/p>\n\n\n\n<p>Es importante que la sociedad tenga conocimiento de las consecuencias legales que existen cuando se ejerce violencia contra las mujeres, como parte de las medidas que contribuyen a que hechos similares no se repitan.<\/p>\n\n\n\n<p><strong>Antecedentes:<\/strong><\/p>\n\n\n\n<p>El d\u00eda 10 de noviembre de 2018 el imputado fue detenido en la ciudad de Chihuahua, Chih., el mismo a\u00f1o un juez de control determino vincularle a proceso \u00fanicamente por el delito de violencia familiar.<\/p>\n\n\n\n<p>En 2019 se present\u00f3 una apelaci\u00f3n y una magistrada orden\u00f3 la vinculaci\u00f3n del imputado por el delito de violaci\u00f3n. Un a\u00f1o despu\u00e9s, en 2020 se reconoci\u00f3 a su hija e hijo como v\u00edctimas indirectas del delito. <\/p>\n\n\n\n<p>Finalmente en abril de 2021 el C. Jos\u00e9 Alberto Caro M\u00e1rquez fue declarado culpable y sentenciado.<\/p>\n\n\n\n<p><\/p>\n\n\n\n<div data-wp-interactive=\"core\/file\" class=\"wp-block-file\"><object data-wp-bind--hidden=\"!state.hasPdfPreview\" hidden class=\"wp-block-file__embed\" data=\"https:\/\/cedehm.org.mx\/es\/wp-content\/uploads\/2022\/02\/Pagina-30-El-Heraldo-de-Chihuahua.pdf\" type=\"application\/pdf\" style=\"width:100%;height:600px\" aria-label=\"Incrustado de Incrustado de Pagina-30-El-Heraldo-de-Chihuahua..\"><\/object><a id=\"wp-block-file--media-95abee26-8718-4b3f-b729-690aa907436f\" href=\"https:\/\/cedehm.org.mx\/es\/wp-content\/uploads\/2022\/02\/Pagina-30-El-Heraldo-de-Chihuahua.pdf\">Pagina-30-El-Heraldo-de-Chihuahua<\/a><a href=\"https:\/\/cedehm.org.mx\/es\/wp-content\/uploads\/2022\/02\/Pagina-30-El-Heraldo-de-Chihuahua.pdf\" class=\"wp-block-file__button\" download aria-describedby=\"wp-block-file--media-95abee26-8718-4b3f-b729-690aa907436f\">Descarga<\/a><\/div>\n","protected":false},"excerpt":{"rendered":"<p>Chihuahua, Chih., a 22 de febrero de 2022.- El d\u00eda de hoy se hicieron p\u00fablicos los puntos resolutivos de la sentencia contra el C. Jos\u00e9 Alberto Caro M\u00e1rquez; condenado por violencia familiar y violaci\u00f3n agravada. En el a\u00f1o 2018 cuando ocurrieron los hechos, el imputado violent\u00f3 de forma f\u00edsica y sexual a qui\u00e9n entonces era [&hellip;]<\/p>\n","protected":false},"author":2,"featured_media":3706,"comment_status":"open","ping_status":"open","sticky":false,"template":"","format":"standard","meta":{"footnotes":""},"categories":[1],"tags":[],"class_list":["post-3705","post","type-post","status-publish","format-standard","has-post-thumbnail","hentry","category-sin-categoria"],"_links":{"self":[{"href":"https:\/\/cedehm.org.mx\/es\/wp-json\/wp\/v2\/posts\/3705","targetHints":{"allow":["GET"]}}],"collection":[{"href":"https:\/\/cedehm.org.mx\/es\/wp-json\/wp\/v2\/posts"}],"about":[{"href":"https:\/\/cedehm.org.mx\/es\/wp-json\/wp\/v2\/types\/post"}],"author":[{"embeddable":true,"href":"https:\/\/cedehm.org.mx\/es\/wp-json\/wp\/v2\/users\/2"}],"replies":[{"embeddable":true,"href":"https:\/\/cedehm.org.mx\/es\/wp-json\/wp\/v2\/comments?post=3705"}],"version-history":[{"count":0,"href":"https:\/\/cedehm.org.mx\/es\/wp-json\/wp\/v2\/posts\/3705\/revisions"}],"wp:featuredmedia":[{"embeddable":true,"href":"https:\/\/cedehm.org.mx\/es\/wp-json\/wp\/v2\/media\/3706"}],"wp:attachment":[{"href":"https:\/\/cedehm.org.mx\/es\/wp-json\/wp\/v2\/media?parent=3705"}],"wp:term":[{"taxonomy":"category","embeddable":true,"href":"https:\/\/cedehm.org.mx\/es\/wp-json\/wp\/v2\/categories?post=3705"},{"taxonomy":"post_tag","embeddable":true,"href":"https:\/\/cedehm.org.mx\/es\/wp-json\/wp\/v2\/tags?post=3705"}],"curies":[{"name":"wp","href":"https:\/\/api.w.org\/{rel}","templated":true}]}}