{"id":3853,"date":"2022-03-01T11:52:23","date_gmt":"2022-03-01T18:52:23","guid":{"rendered":"https:\/\/cedehm.org.mx\/es\/?p=3853"},"modified":"2022-03-01T11:52:39","modified_gmt":"2022-03-01T18:52:39","slug":"a-12-anos-del-asesinato-impune-del-defensor-de-derechos-humanos-ernesto-rabago-seguimos-demandando-verdad-y-justicia","status":"publish","type":"post","link":"https:\/\/cedehm.org.mx\/es\/2022\/03\/01\/a-12-anos-del-asesinato-impune-del-defensor-de-derechos-humanos-ernesto-rabago-seguimos-demandando-verdad-y-justicia\/","title":{"rendered":"A 12 a\u00f1os del asesinato impune del defensor de derechos humanos Ernesto R\u00e1bago, seguimos demandando verdad y justicia"},"content":{"rendered":"\n<div class=\"wp-block-image\"><figure class=\"aligncenter size-large is-resized\"><img loading=\"lazy\" decoding=\"async\" src=\"https:\/\/cedehm.org.mx\/es\/wp-content\/uploads\/2022\/03\/Ernesto-Rabago-1024x731.jpg\" alt=\"\" class=\"wp-image-3854\" width=\"597\" height=\"425\" srcset=\"https:\/\/cedehm.org.mx\/es\/wp-content\/uploads\/2022\/03\/Ernesto-Rabago-1024x731.jpg 1024w, https:\/\/cedehm.org.mx\/es\/wp-content\/uploads\/2022\/03\/Ernesto-Rabago-300x214.jpg 300w, https:\/\/cedehm.org.mx\/es\/wp-content\/uploads\/2022\/03\/Ernesto-Rabago.jpg 1050w\" sizes=\"auto, (max-width: 597px) 100vw, 597px\" \/><\/figure><\/div>\n\n\n\n<p><strong>Chihuahua, Chih., a 1 de marzo de 2022.<\/strong>&nbsp;Contar los 12 a\u00f1os que hoy cumplimos exigiendo que se esclarezca el homicidio del licenciado Ernesto R\u00e1bago Mart\u00ednez, no alcanza para dimensionar su ausencia y la impotencia que sentimos cada d\u00eda por no ver luces de justicia.<\/p>\n\n\n\n<p>Hemos visto pasar tres administraciones gubernamentales sin ning\u00fan avance. Once a\u00f1os despu\u00e9s de que fuera asesinado en las oficinas de la asociaci\u00f3n civil Bowerasa, en el centro de la ciudad de Chihuahua, es decir apenas en 2021, por primera vez se hizo una reconstrucci\u00f3n de hechos.<\/p>\n\n\n\n<p>Este primero de marzo, nos reunimos una vez m\u00e1s frente a la Cruz de Clavos para conmemorar la vida de nuestro compa\u00f1ero y amigo, pero tambi\u00e9n, para demostrarle a las autoridades que continuamos juntos, fuertes y de pie para luchar en contra de la impunidad.<\/p>\n\n\n\n<p>Aunque la comunidad rar\u00e1muri de Bak\u00e9achi, se ha convertido en un referente por la recuperaci\u00f3n en 2016 de m\u00e1s de 21 mil hect\u00e1reas de su territorio ancestral y 500 m\u00e1s pr\u00f3ximas a ejecutar durante el mes en curso; esta lucha que a\u00fan no termina, ha costado adem\u00e1s de la vida del defensor Ernesto R\u00e1bago, diferentes agresiones, amenazas y atentados a los principales l\u00edderes de la comunidad, as\u00ed como a Estela \u00c1ngeles Mondrag\u00f3n.<\/p>\n\n\n\n<p>Les recordamos que las comunidades rar\u00e1muri de Bak\u00e9achi, Chin\u00e9achi, Bakuseachi y Huehuech\u00e9rare, as\u00ed como la abogada Estela \u00c1ngeles Mondrag\u00f3n, sabemos ser persistentes y tenaces en la b\u00fasqueda de la justicia.<\/p>\n\n\n\n<p><strong>\u00a1Justicia para Ernesto!<\/strong><\/p>\n\n\n\n<p><strong>War\u00fa mat\u00e9tere ba<\/strong><\/p>\n","protected":false},"excerpt":{"rendered":"<p>Chihuahua, Chih., a 1 de marzo de 2022.&nbsp;Contar los 12 a\u00f1os que hoy cumplimos exigiendo que se esclarezca el homicidio del licenciado Ernesto R\u00e1bago Mart\u00ednez, no alcanza para dimensionar su ausencia y la impotencia que sentimos cada d\u00eda por no ver luces de justicia. Hemos visto pasar tres administraciones gubernamentales sin ning\u00fan avance. Once a\u00f1os [&hellip;]<\/p>\n","protected":false},"author":2,"featured_media":3854,"comment_status":"open","ping_status":"open","sticky":false,"template":"","format":"standard","meta":{"footnotes":""},"categories":[1],"tags":[],"class_list":["post-3853","post","type-post","status-publish","format-standard","has-post-thumbnail","hentry","category-sin-categoria"],"_links":{"self":[{"href":"https:\/\/cedehm.org.mx\/es\/wp-json\/wp\/v2\/posts\/3853","targetHints":{"allow":["GET"]}}],"collection":[{"href":"https:\/\/cedehm.org.mx\/es\/wp-json\/wp\/v2\/posts"}],"about":[{"href":"https:\/\/cedehm.org.mx\/es\/wp-json\/wp\/v2\/types\/post"}],"author":[{"embeddable":true,"href":"https:\/\/cedehm.org.mx\/es\/wp-json\/wp\/v2\/users\/2"}],"replies":[{"embeddable":true,"href":"https:\/\/cedehm.org.mx\/es\/wp-json\/wp\/v2\/comments?post=3853"}],"version-history":[{"count":0,"href":"https:\/\/cedehm.org.mx\/es\/wp-json\/wp\/v2\/posts\/3853\/revisions"}],"wp:featuredmedia":[{"embeddable":true,"href":"https:\/\/cedehm.org.mx\/es\/wp-json\/wp\/v2\/media\/3854"}],"wp:attachment":[{"href":"https:\/\/cedehm.org.mx\/es\/wp-json\/wp\/v2\/media?parent=3853"}],"wp:term":[{"taxonomy":"category","embeddable":true,"href":"https:\/\/cedehm.org.mx\/es\/wp-json\/wp\/v2\/categories?post=3853"},{"taxonomy":"post_tag","embeddable":true,"href":"https:\/\/cedehm.org.mx\/es\/wp-json\/wp\/v2\/tags?post=3853"}],"curies":[{"name":"wp","href":"https:\/\/api.w.org\/{rel}","templated":true}]}}