{"id":4037,"date":"2022-04-02T08:27:38","date_gmt":"2022-04-02T15:27:38","guid":{"rendered":"https:\/\/cedehm.org.mx\/es\/?p=4037"},"modified":"2022-04-02T08:29:07","modified_gmt":"2022-04-02T15:29:07","slug":"agradecemos-respuesta-ante-la-campana-regionalnortenas-por-la-verdad-y-la-justicia","status":"publish","type":"post","link":"https:\/\/cedehm.org.mx\/es\/2022\/04\/02\/agradecemos-respuesta-ante-la-campana-regionalnortenas-por-la-verdad-y-la-justicia\/","title":{"rendered":"Agradecemos respuesta ante la campa\u00f1a regional \u00abNorte\u00f1as por la Verdad y la Justicia\u00bb"},"content":{"rendered":"\n<p class=\"has-text-align-center\"><em>El cierre de la campa\u00f1a se convierte en una puerta abierta de solidaridad<\/em><\/p>\n\n\n\n<p><\/p>\n\n\n\n<p>Bolet\u00edn de Prensa<\/p>\n\n\n\n<p><strong>31 de marzo de 2022<\/strong><\/p>\n\n\n\n<p>A familiares de compa\u00f1eras desaparecidas y\/o asesinadas<\/p>\n\n\n\n<p>A las personas solidarias de medios de comunicaci\u00f3n<\/p>\n\n\n\n<p>A la ciudadan\u00eda en general<\/p>\n\n\n\n<p><\/p>\n\n\n\n<p>El pasado 29 de febrero iniciamos un proceso conjunto entre organizaciones sociales a trav\u00e9s de la campa\u00f1a <strong>Norte\u00f1as por la verdad y la Justicia<\/strong> con el hashtag <strong><em>#EnElNorteLasNombramos<\/em><\/strong><em>.<\/em><\/p>\n\n\n\n<p>Queremos reiterar la importancia de acciones de visibilizaci\u00f3n simult\u00e1nea de las historias de mujeres que han sufrido violencia de g\u00e9nero en el norte de M\u00e9xico y, a su vez<strong>, agradecer el apoyo recibido durante el proceso de implementaci\u00f3n de la campa\u00f1a<\/strong>. Nuestra b\u00fasqueda por la justicia es permanente.<\/p>\n\n\n\n<p>Si bien el objetivo de la campa\u00f1a se convirti\u00f3 en un primer ejercicio para generar un homenaje a la Memoria, exigiendo Verdad y Justicia para cada una de ellas, <strong>nos gustar\u00eda convertir este espacio en un ejercicio permanente por medio del cual puedan sumarse cada vez m\u00e1s personas en el proceso de exigencia simult\u00e1nea, <\/strong>por tanto, este proceso de cierre se convierte<strong> en una puerta que brinda luz y solidaridad de miles de mujeres para que la situaci\u00f3n de violencia cambie en nuestro pa\u00eds.<\/strong><\/p>\n\n\n\n<p>La denuncia p\u00fablica es una de las herramientas para que se pueda iniciar un cambio, aunque estamos seguras de que es un paso dif\u00edcil para quienes sufren la violencia; decirlo implica un proceso personal que se tiene que vivir internamente pero que no se puede realizar sola, <strong>es necesaria la solidaridad colectiva<\/strong>. Para estos espacios estamos quienes acompa\u00f1amos desde nuestras trincheras. <strong>Gracias infinitas y seguimos visibilizando lo que se quiere invisibilizar.<\/strong><\/p>\n\n\n\n<p><strong><em>#EnElNorteLasNombramos<\/em><\/strong><\/p>\n\n\n\n<p>Centro de Derechos Humanos de las Mujeres (CEDEHM)<\/p>\n\n\n\n<p>Centro de Derechos Humanos Paso del Norte (Paso del Norte)<\/p>\n\n\n\n<p>Ciudadanos en Apoyo a los Derechos Humanos, A.C. (CADHAC)<\/p>\n\n\n\n<p>Centro para los Derechos Humanos Fray Juan de Larios<\/p>\n\n\n\n<figure class=\"wp-block-image size-full\"><img loading=\"lazy\" decoding=\"async\" width=\"682\" height=\"142\" src=\"https:\/\/cedehm.org.mx\/es\/wp-content\/uploads\/2022\/02\/WhatsApp-Image-2022-02-28-at-12.55.34-PM.jpeg\" alt=\"\" class=\"wp-image-3844\" srcset=\"https:\/\/cedehm.org.mx\/es\/wp-content\/uploads\/2022\/02\/WhatsApp-Image-2022-02-28-at-12.55.34-PM.jpeg 682w, https:\/\/cedehm.org.mx\/es\/wp-content\/uploads\/2022\/02\/WhatsApp-Image-2022-02-28-at-12.55.34-PM-300x62.jpeg 300w\" sizes=\"auto, (max-width: 682px) 100vw, 682px\" \/><\/figure>\n","protected":false},"excerpt":{"rendered":"<p>El cierre de la campa\u00f1a se convierte en una puerta abierta de solidaridad Bolet\u00edn de Prensa 31 de marzo de 2022 A familiares de compa\u00f1eras desaparecidas y\/o asesinadas A las personas solidarias de medios de comunicaci\u00f3n A la ciudadan\u00eda en general El pasado 29 de febrero iniciamos un proceso conjunto entre organizaciones sociales a trav\u00e9s [&hellip;]<\/p>\n","protected":false},"author":2,"featured_media":3845,"comment_status":"open","ping_status":"open","sticky":false,"template":"","format":"standard","meta":{"footnotes":""},"categories":[1],"tags":[],"class_list":["post-4037","post","type-post","status-publish","format-standard","has-post-thumbnail","hentry","category-sin-categoria"],"_links":{"self":[{"href":"https:\/\/cedehm.org.mx\/es\/wp-json\/wp\/v2\/posts\/4037","targetHints":{"allow":["GET"]}}],"collection":[{"href":"https:\/\/cedehm.org.mx\/es\/wp-json\/wp\/v2\/posts"}],"about":[{"href":"https:\/\/cedehm.org.mx\/es\/wp-json\/wp\/v2\/types\/post"}],"author":[{"embeddable":true,"href":"https:\/\/cedehm.org.mx\/es\/wp-json\/wp\/v2\/users\/2"}],"replies":[{"embeddable":true,"href":"https:\/\/cedehm.org.mx\/es\/wp-json\/wp\/v2\/comments?post=4037"}],"version-history":[{"count":0,"href":"https:\/\/cedehm.org.mx\/es\/wp-json\/wp\/v2\/posts\/4037\/revisions"}],"wp:featuredmedia":[{"embeddable":true,"href":"https:\/\/cedehm.org.mx\/es\/wp-json\/wp\/v2\/media\/3845"}],"wp:attachment":[{"href":"https:\/\/cedehm.org.mx\/es\/wp-json\/wp\/v2\/media?parent=4037"}],"wp:term":[{"taxonomy":"category","embeddable":true,"href":"https:\/\/cedehm.org.mx\/es\/wp-json\/wp\/v2\/categories?post=4037"},{"taxonomy":"post_tag","embeddable":true,"href":"https:\/\/cedehm.org.mx\/es\/wp-json\/wp\/v2\/tags?post=4037"}],"curies":[{"name":"wp","href":"https:\/\/api.w.org\/{rel}","templated":true}]}}