{"id":5379,"date":"2022-08-24T09:54:14","date_gmt":"2022-08-24T15:54:14","guid":{"rendered":"https:\/\/cedehm.org.mx\/es\/?p=5379"},"modified":"2022-08-24T11:55:17","modified_gmt":"2022-08-24T17:55:17","slug":"jueces-emiten-sentencias-paradigmaticas-a-favor-de-familias-desplazadas-de-las-comunidades-el-manzano-y-monterde-en-la-sierra-tarahumara","status":"publish","type":"post","link":"https:\/\/cedehm.org.mx\/es\/2022\/08\/24\/jueces-emiten-sentencias-paradigmaticas-a-favor-de-familias-desplazadas-de-las-comunidades-el-manzano-y-monterde-en-la-sierra-tarahumara\/","title":{"rendered":"JUECES EMITEN SENTENCIAS PARADIGM\u00c1TICAS A FAVOR DE FAMILIAS DESPLAZADAS DE LAS COMUNIDADES EL MANZANO Y MONTERDE, EN LA SIERRA TARAHUMARA"},"content":{"rendered":"\n<p><strong>Chihuahua, Chih., a 24 de agosto de 2022.-<\/strong> Despu\u00e9s de 7 a\u00f1os de haber sido desplazados por integrantes del crimen organizado encabezados por la banda de \u201cel Chueco\u201d, los d\u00edas 12 y 19 de agosto se obtuvieron dos sentencias a favor de personas desplazadas de comunidades de El Manzano y Monterde de los municipios de Uruachi y Guazapares ubicados en la Sierra Tarahumara, en donde se les ampara por la falta de protecci\u00f3n, misma que debieron brindarles las autoridades en el territorio en el que viv\u00edan y no lo hicieron, los juzgadores ordenan al gobierno federal y estatal reparar el da\u00f1o causado con motivo del desplazamiento forzado interno que sufrieron a ra\u00edz de la violencia.<\/p>\n\n\n\n<p>Los dos amparos tuvieron una duraci\u00f3n de poco m\u00e1s de un a\u00f1o en resolverse, las autoridades responsables son la Secretar\u00eda de Gobernaci\u00f3n, Fiscal\u00eda General de la Rep\u00fablica, la Fiscal\u00eda General del Estado y la Comisi\u00f3n Ejecutiva de Atenci\u00f3n a V\u00edctimas del Estado CEAVE.<\/p>\n\n\n\n<p>En estos amparos se solicitaba a los jueces;<\/p>\n\n\n\n<ol class=\"wp-block-list\"><li>Pacificaci\u00f3n de la regi\u00f3n serrana en la que viv\u00edan,<\/li><li>Acceso a la justicia a trav\u00e9s de las carpetas de investigaci\u00f3n iniciadas en el momento del desplazamiento,<\/li><li>Ayuda humanitaria,<\/li><li>Asegurar los bienes que dejaron en su comunidad,<\/li><li>El reasentamiento definitivo, para lo que es necesario contar con vivienda propia y empleos que les permitan vivir con dignidad y<\/li><li>La emisi\u00f3n de una legislaci\u00f3n completa y pertinente que proteja a las personas desplazadas por la violencia.<\/li><\/ol>\n\n\n\n<p>En este sentido, los juzgadores resolvieron<\/p>\n\n\n\n<p>Que el Fiscal General del Estado y Fiscal\u00eda General de la Rep\u00fablica informen, el estado y avance de las carpetas de investigaci\u00f3n.<\/p>\n\n\n\n<p>Que realicen las acciones necesarias para que puedan regresar con seguridad a los lugares donde viv\u00edan, as\u00ed como que cesen de criminalizarles y discriminarles.<\/p>\n\n\n\n<p>En relaci\u00f3n a la ayuda humanitaria, les ordena que contin\u00faen brind\u00e1ndola hasta lograr las soluciones duraderas, lo que incluye;<\/p>\n\n\n\n<ol class=\"wp-block-list\" type=\"1\"><li>Garantizar la <strong>educaci\u00f3n<\/strong> sin costo, brindar uniformes y \u00fatiles escolares, as\u00ed como un programa de regularizaci\u00f3n para los ni\u00f1os y j\u00f3venes y acompa\u00f1amiento para su inserci\u00f3n escolar. &nbsp;<\/li><li>Inscribir a los quejosos de manera gratuita a los servicios de <strong>salud<\/strong> p\u00fablica.<\/li><li>Mantener los apoyos de alimentaci\u00f3n y <strong>alojamiento <\/strong>en condiciones de seguridad y <strong>vivienda<\/strong> digna, agua potable, vestido adecuado y las condiciones de seguridad necesarias para proteger a las familias de ataques o actos de violencia generadas por la persecuci\u00f3n de grupos delictivos.<\/li><li>Capacitar a las personas adultas.<\/li><li>Concluir las gestiones de donaci\u00f3n de terrenos y la construcci\u00f3n de sus hogares.<\/li><li>Facilitar la expedici\u00f3n de documentos oficiales necesarios.<\/li><li>Adoptar las medidas necesarias, para detener la apropiaci\u00f3n, destrucci\u00f3n, ocupaci\u00f3n, usurpaci\u00f3n o uso arbitrario e ilegal de su patrimonio en la comunidad de origen.<\/li><li>Gestionen la recuperaci\u00f3n de las propiedades o posesiones que abandonaron o de las que fueron despose\u00eddos cuando se desplazaron y,<\/li><li>finalmente indemnizarlos de acuerdo a los <strong>par\u00e1metros internacionales<\/strong>.<\/li><\/ol>\n\n\n\n<p>Despu\u00e9s de 7 a\u00f1os de sufrir el desplazamiento, las familias esperan que el gobierno federal y del estado acepten la sentencia y realicen el cumplimiento de la misma.<\/p>\n\n\n\n<p>Los casos de las comunidades de El Manzano y Monterde, no son casos aislados. De acuerdo con la Comisi\u00f3n Mexicana de Defensa y Promoci\u00f3n de los Derechos Humanos (CMDPDH) tan solo en 2021 se registraron 44 mil 905 personas desplazadas en territorio mexicano. Las sentencias de estos dos amparos muestran el inter\u00e9s del poder judicial para que las autoridades atiendan este problema y avancen en la aplicaci\u00f3n de pol\u00edtica p\u00fablica para la atenci\u00f3n inmediata a las personas que siguen desplaz\u00e1ndose, no solo en el estado, sino en el pa\u00eds.<\/p>\n\n\n\n<p>Urgimos la promulgaci\u00f3n de la Ley General en Material de Desplazamiento Forzado Interno que se encuentra ante el Senado de la Rep\u00fablica desde hace casi dos a\u00f1os y continua en espera de una resoluci\u00f3n.<\/p>\n\n\n\n<figure class=\"wp-block-image size-large\"><img loading=\"lazy\" decoding=\"async\" width=\"1024\" height=\"768\" src=\"https:\/\/cedehm.org.mx\/es\/wp-content\/uploads\/2022\/08\/IMG-20220824-WA0021-1024x768.jpg\" alt=\"\" class=\"wp-image-5385\" srcset=\"https:\/\/cedehm.org.mx\/es\/wp-content\/uploads\/2022\/08\/IMG-20220824-WA0021-1024x768.jpg 1024w, https:\/\/cedehm.org.mx\/es\/wp-content\/uploads\/2022\/08\/IMG-20220824-WA0021-300x225.jpg 300w, https:\/\/cedehm.org.mx\/es\/wp-content\/uploads\/2022\/08\/IMG-20220824-WA0021-768x576.jpg 768w, https:\/\/cedehm.org.mx\/es\/wp-content\/uploads\/2022\/08\/IMG-20220824-WA0021-1536x1152.jpg 1536w, https:\/\/cedehm.org.mx\/es\/wp-content\/uploads\/2022\/08\/IMG-20220824-WA0021.jpg 1600w\" sizes=\"auto, (max-width: 1024px) 100vw, 1024px\" \/><\/figure>\n","protected":false},"excerpt":{"rendered":"<p>Chihuahua, Chih., a 24 de agosto de 2022.- Despu\u00e9s de 7 a\u00f1os de haber sido desplazados por integrantes del crimen organizado encabezados por la banda de \u201cel Chueco\u201d, los d\u00edas 12 y 19 de agosto se obtuvieron dos sentencias a favor de personas desplazadas de comunidades de El Manzano y Monterde de los municipios de [&hellip;]<\/p>\n","protected":false},"author":2,"featured_media":5385,"comment_status":"open","ping_status":"open","sticky":false,"template":"","format":"standard","meta":{"footnotes":""},"categories":[1],"tags":[],"class_list":["post-5379","post","type-post","status-publish","format-standard","has-post-thumbnail","hentry","category-sin-categoria"],"_links":{"self":[{"href":"https:\/\/cedehm.org.mx\/es\/wp-json\/wp\/v2\/posts\/5379","targetHints":{"allow":["GET"]}}],"collection":[{"href":"https:\/\/cedehm.org.mx\/es\/wp-json\/wp\/v2\/posts"}],"about":[{"href":"https:\/\/cedehm.org.mx\/es\/wp-json\/wp\/v2\/types\/post"}],"author":[{"embeddable":true,"href":"https:\/\/cedehm.org.mx\/es\/wp-json\/wp\/v2\/users\/2"}],"replies":[{"embeddable":true,"href":"https:\/\/cedehm.org.mx\/es\/wp-json\/wp\/v2\/comments?post=5379"}],"version-history":[{"count":2,"href":"https:\/\/cedehm.org.mx\/es\/wp-json\/wp\/v2\/posts\/5379\/revisions"}],"predecessor-version":[{"id":5387,"href":"https:\/\/cedehm.org.mx\/es\/wp-json\/wp\/v2\/posts\/5379\/revisions\/5387"}],"wp:featuredmedia":[{"embeddable":true,"href":"https:\/\/cedehm.org.mx\/es\/wp-json\/wp\/v2\/media\/5385"}],"wp:attachment":[{"href":"https:\/\/cedehm.org.mx\/es\/wp-json\/wp\/v2\/media?parent=5379"}],"wp:term":[{"taxonomy":"category","embeddable":true,"href":"https:\/\/cedehm.org.mx\/es\/wp-json\/wp\/v2\/categories?post=5379"},{"taxonomy":"post_tag","embeddable":true,"href":"https:\/\/cedehm.org.mx\/es\/wp-json\/wp\/v2\/tags?post=5379"}],"curies":[{"name":"wp","href":"https:\/\/api.w.org\/{rel}","templated":true}]}}