{"id":5428,"date":"2022-08-30T08:43:47","date_gmt":"2022-08-30T14:43:47","guid":{"rendered":"https:\/\/cedehm.org.mx\/es\/?p=5428"},"modified":"2022-09-12T09:10:56","modified_gmt":"2022-09-12T15:10:56","slug":"en-el-marco-del-dia-internacional-de-las-victimas-de-desapariciones-forzadas-mantenemos-la-exigencia","status":"publish","type":"post","link":"https:\/\/cedehm.org.mx\/es\/2022\/08\/30\/en-el-marco-del-dia-internacional-de-las-victimas-de-desapariciones-forzadas-mantenemos-la-exigencia\/","title":{"rendered":"En el marco del \u201cD\u00eda Internacional de las V\u00edctimas de Desapariciones Forzadas\u201d, mantenemos la exigencia"},"content":{"rendered":"<div class=\"wp-block-image\">\n<figure class=\"aligncenter size-large is-resized\"><img loading=\"lazy\" decoding=\"async\" src=\"https:\/\/cedehm.org.mx\/es\/wp-content\/uploads\/2022\/09\/thumbnail_Di\u0301a-internacional-de-las-vi\u0301ctimas-de-desapareciones-forzadas-1024x731.jpg\" alt=\"\" class=\"wp-image-5595\" width=\"679\" height=\"484\" srcset=\"https:\/\/cedehm.org.mx\/es\/wp-content\/uploads\/2022\/09\/thumbnail_Di\u0301a-internacional-de-las-vi\u0301ctimas-de-desapareciones-forzadas-1024x731.jpg 1024w, https:\/\/cedehm.org.mx\/es\/wp-content\/uploads\/2022\/09\/thumbnail_Di\u0301a-internacional-de-las-vi\u0301ctimas-de-desapareciones-forzadas-300x214.jpg 300w, https:\/\/cedehm.org.mx\/es\/wp-content\/uploads\/2022\/09\/thumbnail_Di\u0301a-internacional-de-las-vi\u0301ctimas-de-desapareciones-forzadas-768x549.jpg 768w, https:\/\/cedehm.org.mx\/es\/wp-content\/uploads\/2022\/09\/thumbnail_Di\u0301a-internacional-de-las-vi\u0301ctimas-de-desapareciones-forzadas.jpg 1050w\" sizes=\"auto, (max-width: 679px) 100vw, 679px\" \/><\/figure>\n<\/div>\n\n\n<p><strong>Chihuahua, Chih., M\u00e9xico a 30 de agosto de 2022.- <\/strong>El 21 de diciembre de 2010, la Asamblea General de las Naciones Unidas, expres\u00f3 su preocupaci\u00f3n, en particular, por el aumento de las desapariciones forzadas o involuntarias en diversas regiones del mundo; por lo que acogi\u00f3 la aprobaci\u00f3n de la&nbsp;Convenci\u00f3n Internacional para la protecci\u00f3n de todas las personas contra las desapariciones forzadas&nbsp;y declar\u00f3 el 30 de agosto \u201cD\u00eda Internacional de las V\u00edctimas de Desapariciones Forzadas\u201d, que comenz\u00f3 a observarse en 2011.<\/p>\n\n\n\n<p>De acuerdo con el Registro Nacional de Personas Desaparecidas y No localizadas (RNPDNO), al d\u00eda de hoy 105,022 personas se encuentran en calidad de desaparecidas o no localizadas en M\u00e9xico; 3,494 de ellas en el estado de Chihuahua. Aun cuando se estima que debido a la falta de confianza en las autoridades y el riesgo que conlleva la denuncia, estos n\u00fameros podr\u00eda ser mucho mayores.<\/p>\n\n\n\n<p>Las desapariciones en el pa\u00eds y especialmente en la zona norte de \u00e9ste, representan una crisis humanitaria que requiere de atenci\u00f3n y acci\u00f3n urgente. Hoy en el \u201cD\u00eda Internacional de las V\u00edctimas de Desapariciones Forzadas\u201d desde el Centro de Derechos Humanos de las Mujeres A.C. (CEDEHM) nos sumamos a la exigencia de familiares de personas desaparecidas, qui\u00e9nes no cesan en la b\u00fasqueda.<\/p>\n\n\n\n<p>Que se realicen acciones de b\u00fasqueda efectivas, a tiempo, permanentes, centradas en la presentaci\u00f3n con vida, articuladas, que garanticen la participaci\u00f3n de las familias; tal como se establece en los principios rectores de b\u00fasqueda presentados por el Comit\u00e9 de la ONU Contra las Desapariciones Forzadas (CED).<\/p>\n\n\n\n<p>Urgimos a una correcta implementaci\u00f3n de la Ley General en Materia de Desaparici\u00f3n Forzada; as\u00ed como la legislaci\u00f3n necesaria de fondo para la atenci\u00f3n a esta problem\u00e1tica a nivel estatal, ya que la atenci\u00f3n actual no es efectiva en garantizar el bienestar de las familias que afrontan una desaparici\u00f3n.<\/p>\n\n\n\n<p>Es necesaria tambi\u00e9n la asignaci\u00f3n de recursos econ\u00f3micos, humanos y tecnol\u00f3gicos suficientes a Fiscal\u00edas y Comisiones de B\u00fasqueda, as\u00ed como un registro nacional completo y actualizado, que facilite la coordinaci\u00f3n nacional para la b\u00fasqueda e identificaci\u00f3n forense, ya que estas \u00faltimas representan una crisis por s\u00ed misma, encontr\u00e1ndose en el estado de Chihuahua, por lo menos 1,500 personas sin identificar.<\/p>\n\n\n\n<p>Poco falta para el primer aniversario de la actual administraci\u00f3n estatal y este a\u00f1o, pocos han sido los avances en la materia. Demandamos que el Estado cumpla con su obligaci\u00f3n de dar con el paradero de las personas desaparecidas, sancionar a las personas responsables y reparar el da\u00f1o a las v\u00edctimas y a sus familiares de forma integral; as\u00ed como de aplicar las medidas necesarias para garantizar la no repetici\u00f3n.<\/p>\n\n\n\n<p><strong>Porque las personas desaparecidas nos faltan a todas y todos, no descansaremos hasta encontrarles<\/strong><strong>.<\/strong><\/p>\n","protected":false},"excerpt":{"rendered":"<p>Chihuahua, Chih., M\u00e9xico a 30 de agosto de 2022.- El 21 de diciembre de 2010, la Asamblea General de las Naciones Unidas, expres\u00f3 su preocupaci\u00f3n, en particular, por el aumento de las desapariciones forzadas o involuntarias en diversas regiones del mundo; por lo que acogi\u00f3 la aprobaci\u00f3n de la&nbsp;Convenci\u00f3n Internacional para la protecci\u00f3n de todas [&hellip;]<\/p>\n","protected":false},"author":2,"featured_media":5595,"comment_status":"open","ping_status":"open","sticky":false,"template":"","format":"standard","meta":{"footnotes":""},"categories":[1],"tags":[],"class_list":["post-5428","post","type-post","status-publish","format-standard","has-post-thumbnail","hentry","category-sin-categoria"],"_links":{"self":[{"href":"https:\/\/cedehm.org.mx\/es\/wp-json\/wp\/v2\/posts\/5428","targetHints":{"allow":["GET"]}}],"collection":[{"href":"https:\/\/cedehm.org.mx\/es\/wp-json\/wp\/v2\/posts"}],"about":[{"href":"https:\/\/cedehm.org.mx\/es\/wp-json\/wp\/v2\/types\/post"}],"author":[{"embeddable":true,"href":"https:\/\/cedehm.org.mx\/es\/wp-json\/wp\/v2\/users\/2"}],"replies":[{"embeddable":true,"href":"https:\/\/cedehm.org.mx\/es\/wp-json\/wp\/v2\/comments?post=5428"}],"version-history":[{"count":3,"href":"https:\/\/cedehm.org.mx\/es\/wp-json\/wp\/v2\/posts\/5428\/revisions"}],"predecessor-version":[{"id":5597,"href":"https:\/\/cedehm.org.mx\/es\/wp-json\/wp\/v2\/posts\/5428\/revisions\/5597"}],"wp:featuredmedia":[{"embeddable":true,"href":"https:\/\/cedehm.org.mx\/es\/wp-json\/wp\/v2\/media\/5595"}],"wp:attachment":[{"href":"https:\/\/cedehm.org.mx\/es\/wp-json\/wp\/v2\/media?parent=5428"}],"wp:term":[{"taxonomy":"category","embeddable":true,"href":"https:\/\/cedehm.org.mx\/es\/wp-json\/wp\/v2\/categories?post=5428"},{"taxonomy":"post_tag","embeddable":true,"href":"https:\/\/cedehm.org.mx\/es\/wp-json\/wp\/v2\/tags?post=5428"}],"curies":[{"name":"wp","href":"https:\/\/api.w.org\/{rel}","templated":true}]}}