{"id":5450,"date":"2022-08-31T09:46:11","date_gmt":"2022-08-31T15:46:11","guid":{"rendered":"https:\/\/cedehm.org.mx\/es\/?p=5450"},"modified":"2022-08-31T09:46:12","modified_gmt":"2022-08-31T15:46:12","slug":"vacante-defensa-juridica-para-el-area-de-delitos-de-genero","status":"publish","type":"post","link":"https:\/\/cedehm.org.mx\/es\/2022\/08\/31\/vacante-defensa-juridica-para-el-area-de-delitos-de-genero\/","title":{"rendered":"VACANTE: Defensa jur\u00eddica para el \u00c1rea de Delitos de G\u00e9nero"},"content":{"rendered":"\n<figure class=\"wp-block-image size-large\"><img loading=\"lazy\" decoding=\"async\" width=\"1024\" height=\"689\" src=\"https:\/\/cedehm.org.mx\/es\/wp-content\/uploads\/2022\/08\/WhatsApp-Image-2022-08-31-at-9.22.50-AM-1024x689.jpeg\" alt=\"\" class=\"wp-image-5451\" srcset=\"https:\/\/cedehm.org.mx\/es\/wp-content\/uploads\/2022\/08\/WhatsApp-Image-2022-08-31-at-9.22.50-AM-1024x689.jpeg 1024w, https:\/\/cedehm.org.mx\/es\/wp-content\/uploads\/2022\/08\/WhatsApp-Image-2022-08-31-at-9.22.50-AM-300x202.jpeg 300w, https:\/\/cedehm.org.mx\/es\/wp-content\/uploads\/2022\/08\/WhatsApp-Image-2022-08-31-at-9.22.50-AM-768x517.jpeg 768w, https:\/\/cedehm.org.mx\/es\/wp-content\/uploads\/2022\/08\/WhatsApp-Image-2022-08-31-at-9.22.50-AM.jpeg 1064w\" sizes=\"auto, (max-width: 1024px) 100vw, 1024px\" \/><\/figure>\n\n\n\n<p>Descripci\u00f3n del puesto aqu\u00ed:<\/p>\n\n\n\n<div data-wp-interactive=\"core\/file\" class=\"wp-block-file\"><object data-wp-bind--hidden=\"!state.hasPdfPreview\" hidden class=\"wp-block-file__embed\" data=\"https:\/\/cedehm.org.mx\/es\/wp-content\/uploads\/2022\/08\/Vacante-para-Defensa-Juri\u0301dica-Delitos-de-Ge\u0301nero.pdf\" type=\"application\/pdf\" style=\"width:100%;height:600px\" aria-label=\"Incrustado de Incrustado de Vacante-para-Defensa-Juri\u0301dica-Delitos-de-Ge\u0301nero..\"><\/object><a id=\"wp-block-file--media-3d779818-a220-48ee-abce-40fa3e892690\" href=\"https:\/\/cedehm.org.mx\/es\/wp-content\/uploads\/2022\/08\/Vacante-para-Defensa-Juri\u0301dica-Delitos-de-Ge\u0301nero.pdf\">Vacante-para-Defensa-Juri\u0301dica-Delitos-de-Ge\u0301nero<\/a><a href=\"https:\/\/cedehm.org.mx\/es\/wp-content\/uploads\/2022\/08\/Vacante-para-Defensa-Juri\u0301dica-Delitos-de-Ge\u0301nero.pdf\" class=\"wp-block-file__button\" download aria-describedby=\"wp-block-file--media-3d779818-a220-48ee-abce-40fa3e892690\">Descarga<\/a><\/div>\n","protected":false},"excerpt":{"rendered":"<p>Descripci\u00f3n del puesto aqu\u00ed:<\/p>\n","protected":false},"author":2,"featured_media":5451,"comment_status":"open","ping_status":"open","sticky":false,"template":"","format":"standard","meta":{"footnotes":""},"categories":[1],"tags":[],"class_list":["post-5450","post","type-post","status-publish","format-standard","has-post-thumbnail","hentry","category-sin-categoria"],"_links":{"self":[{"href":"https:\/\/cedehm.org.mx\/es\/wp-json\/wp\/v2\/posts\/5450","targetHints":{"allow":["GET"]}}],"collection":[{"href":"https:\/\/cedehm.org.mx\/es\/wp-json\/wp\/v2\/posts"}],"about":[{"href":"https:\/\/cedehm.org.mx\/es\/wp-json\/wp\/v2\/types\/post"}],"author":[{"embeddable":true,"href":"https:\/\/cedehm.org.mx\/es\/wp-json\/wp\/v2\/users\/2"}],"replies":[{"embeddable":true,"href":"https:\/\/cedehm.org.mx\/es\/wp-json\/wp\/v2\/comments?post=5450"}],"version-history":[{"count":1,"href":"https:\/\/cedehm.org.mx\/es\/wp-json\/wp\/v2\/posts\/5450\/revisions"}],"predecessor-version":[{"id":5453,"href":"https:\/\/cedehm.org.mx\/es\/wp-json\/wp\/v2\/posts\/5450\/revisions\/5453"}],"wp:featuredmedia":[{"embeddable":true,"href":"https:\/\/cedehm.org.mx\/es\/wp-json\/wp\/v2\/media\/5451"}],"wp:attachment":[{"href":"https:\/\/cedehm.org.mx\/es\/wp-json\/wp\/v2\/media?parent=5450"}],"wp:term":[{"taxonomy":"category","embeddable":true,"href":"https:\/\/cedehm.org.mx\/es\/wp-json\/wp\/v2\/categories?post=5450"},{"taxonomy":"post_tag","embeddable":true,"href":"https:\/\/cedehm.org.mx\/es\/wp-json\/wp\/v2\/tags?post=5450"}],"curies":[{"name":"wp","href":"https:\/\/api.w.org\/{rel}","templated":true}]}}