{"id":7560,"date":"2023-05-10T11:33:30","date_gmt":"2023-05-10T17:33:30","guid":{"rendered":"https:\/\/cedehm.org.mx\/es\/?p=7560"},"modified":"2023-05-10T11:34:15","modified_gmt":"2023-05-10T17:34:15","slug":"posicionamiento-del-mndm-por-la-xii-marcha-de-la-dignidad-nacional-madres-buscando-a-sus-familiares-desaparecidos-buscando-verdad-y-la-justicia","status":"publish","type":"post","link":"https:\/\/cedehm.org.mx\/es\/2023\/05\/10\/posicionamiento-del-mndm-por-la-xii-marcha-de-la-dignidad-nacional-madres-buscando-a-sus-familiares-desaparecidos-buscando-verdad-y-la-justicia\/","title":{"rendered":"Posicionamiento del MNDM por la XII Marcha de la Dignidad Nacional: Madres Buscando a sus Familiares Desaparecidos, Buscando Verdad y la Justicia"},"content":{"rendered":"\n<p>Comunicado de prensa | 10 de mayo de 2023<\/p>\n\n\n\n<p><\/p>\n\n\n\n<p>De madre a madre, de coraz\u00f3n a coraz\u00f3n:<br>Nada detiene nuestra lucha #HastaEncontrarles<\/p>\n\n\n\n<p>\u25cf Este a\u00f1o hacemos especial \u00e9nfasis en honrar a las madres y familiares que han perdido la vida en el caminar en busca de sus familiares desaparecidos.<br>\u25cf Es responsabilidad del Estado procurar y garantizar la seguridad de las madres buscadoras que realizan una labor invaluable en la defensa de los derechos humanos de este pa\u00eds.<br>\u25cf El Estado Mexicano debe dar seguimiento a los compromisos asumidos despu\u00e9s de que el CED emitiera sus recomendaciones.<\/p>\n\n\n\n<p>Las madres buscadoras de este pa\u00eds llevamos d\u00e9cadas buscando a nuestras hijas e hijos. Desde hace doce a\u00f1os nos movilizamos para exigir la b\u00fasqueda, la verdad y la justicia para encontrarles.A lo largo y ancho del pa\u00eds salimos al espacio p\u00fablico porque este d\u00eda no es de \ufb01esta, sino de lucha y de protesta.<br>Junto a nosotras, se movilizan cientos de familiares buscadores, as\u00ed como organizaciones, personas solidarias y organizaciones aliadas que han caminado todos estos a\u00f1os con nosotras. Hemos marchado antes de la pandemia, durante la pandemia y lo seguimos haciendo este a\u00f1o, porque nada detiene nuestra lucha, \u00a1Ese es el motor de nuestros pasos! #HastaEncontrarles.<\/p>\n\n\n\n<p><br>Este a\u00f1o hacemos especial \u00e9nfasis en honrar a las madres y familiares que han perdido la vida en el caminar en busca de sus familiares desaparecidos. Muchas se han ido sin encontrar justicia, otras han sido asesinadas en la b\u00fasqueda. Tan s\u00f3lo entre 2022 y 2023 han sido asesinadas 6 madres buscadoras, ellas no s\u00f3lo hacen el trabajo que es responsabilidad del Estado, sino que arriesgan su vida todos los d\u00edas, sin que las autoridades realicen acciones destinadas a garantizar su seguridad. De la misma forma hemos impulsado por redes sociales, especialmente TikTok, la campa\u00f1a de prevenci\u00f3n y sensibilizaci\u00f3n #DeCoraz\u00f3naCoraz\u00f3n, que, a trav\u00e9s de un lenguaje cercano a las audiencias digitales, busca generar conciencia del problema de la desaparici\u00f3n en M\u00e9xico.<\/p>\n\n\n\n<p><br>Aunque el Estado nos ha dejado indefensas seguimos aqu\u00ed, por ellas, por las que todav\u00eda contin\u00faan en la lucha, por las que, a pesar del miedo, realizan b\u00fasquedas en campo, haciendo el trabajo que las autoridades prometieron que har\u00edan de forma expedita, responsablemente y sin techos presupuestales.<\/p>\n\n\n\n<p>A casi un a\u00f1o de que concluya la presente administraci\u00f3n federal, desde el Movimiento hacemos un recordatorio del Plan para la Implementaci\u00f3n de la Ley General en Materia de Desaparici\u00f3n Forzada del cual seis de los once puntos no se han cumplido; en particular, el de lograr la coordinaci\u00f3n de c\u00e9lulas de b\u00fasqueda en vida, la creaci\u00f3n de una instituci\u00f3n que coordine los servicios forenses de todo el pa\u00eds, y el otorgamiento de todos los recursos necesarios para atender la crisis de desapariciones. No olvidamos que al respecto el presidente a\ufb01rm\u00f3 el 4 de febrero de 2019: \u201cTodo lo que humanamente sea posible para saber de los desaparecidos y ayudar a los familiares. No van a faltar recursos\u2026\u201d<\/p>\n\n\n\n<p><br>Son tantas las demandas y las promesas incumplidas que no caben en un documento. Sin embargo, y ante las desapariciones que no cesan debido a los contextos de violencia que son de conocimiento p\u00fablico, creemos que es importante reforzar algunas de nuestras demandas:<\/p>\n\n\n\n<p><br>\u25cf El Estado mexicano acept\u00f3 y se comprometi\u00f3 a crear un mecanismo para implementaci\u00f3n de las recomendaciones emitidas por el CED en abril del a\u00f1o pasado. A m\u00e1s de un a\u00f1o las familias instamos al Estado mexicano a concretar de manera urgente una estrategia de atenci\u00f3n a las recomendaciones internacionales en materia de desaparici\u00f3n forzada.<br>\u25cf La apuesta por la identi\ufb01caci\u00f3n forense con enfoque masivo carece de rumbo; el gobierno socav\u00f3 la capacidad pol\u00edtica y operativa del Mecanismo Extraordinario de Identi\ufb01caci\u00f3n Forense (MEIF); y el Centro de Identi\ufb01caci\u00f3n Humana (CNIH) a\u00fan no construye un plan de trabajo. Desde el Estado se debe avanzar en la creaci\u00f3n de una Pol\u00edtica Nacional Forense adecuada que garantice la coordinaci\u00f3n interinstitucional.<br>\u25cf La justicia sigue paralizada frente a las desapariciones, siguen existiendo s\u00f3lo 36 sentencias por este delito en un pa\u00eds con m\u00e1s de 100 mil personas desaparecidas. Las \ufb01scal\u00edas, y la FGR en particular, se mantienen como las grandes deudoras frente a las v\u00edctimas: no judicializan casos y no cumplen con sus obligaciones b\u00e1sicas.de conformar los registros con informaci\u00f3n forense para facilitar la b\u00fasqueda e identi\ufb01caci\u00f3n de personas desaparecidas. Desde el Movimiento por Nuestros Desaparecidos en M\u00e9xico (MNDM) hacemos un llamado al Estado mexicano a atender nuestras demandas, sabiendo que a este gobierno le queda apenas un a\u00f1o para cumplir con los compromisos realizados en el Plan de Implementaci\u00f3n de la Ley General en Materia de Desaparici\u00f3n. Asimismo, les recordamos que todo lo que hagan durante sus \u00faltimos meses de gobierno tiene que respetar el principio b\u00e1sico de participaci\u00f3n efectiva de las familias. #SinLasFamiliasNo.<\/p>\n\n\n\n<p><br>Seguiremos tomando la calle y ocupando los espacios que sean necesarios para hacer valer nuestros derechos y reiteramos que, nada nos ha detenido, ni lo har\u00e1.<\/p>\n\n\n\n<h1 class=\"wp-block-heading\">TeBuscar\u00e9Siempre #DeMadreAMadre #DeCoraz\u00f3nACoraz\u00f3n<\/h1>\n\n\n\n<p>Movimiento por Nuestros Desaparecidos en M\u00e9xico (MNDM)<br>Conformado por m\u00e1s de 84 colectivos de 25 estados de la Rep\u00fablica mexicana y de 3 pa\u00edses de Centroam\u00e9rica<\/p>\n","protected":false},"excerpt":{"rendered":"<p>Comunicado de prensa | 10 de mayo de 2023 De madre a madre, de coraz\u00f3n a coraz\u00f3n:Nada detiene nuestra lucha #HastaEncontrarles \u25cf Este a\u00f1o hacemos especial \u00e9nfasis en honrar a las madres y familiares que han perdido la vida en el caminar en busca de sus familiares desaparecidos.\u25cf Es responsabilidad del Estado procurar y garantizar [&hellip;]<\/p>\n","protected":false},"author":3,"featured_media":7561,"comment_status":"open","ping_status":"open","sticky":false,"template":"","format":"standard","meta":{"footnotes":""},"categories":[1],"tags":[],"class_list":["post-7560","post","type-post","status-publish","format-standard","has-post-thumbnail","hentry","category-sin-categoria"],"_links":{"self":[{"href":"https:\/\/cedehm.org.mx\/es\/wp-json\/wp\/v2\/posts\/7560","targetHints":{"allow":["GET"]}}],"collection":[{"href":"https:\/\/cedehm.org.mx\/es\/wp-json\/wp\/v2\/posts"}],"about":[{"href":"https:\/\/cedehm.org.mx\/es\/wp-json\/wp\/v2\/types\/post"}],"author":[{"embeddable":true,"href":"https:\/\/cedehm.org.mx\/es\/wp-json\/wp\/v2\/users\/3"}],"replies":[{"embeddable":true,"href":"https:\/\/cedehm.org.mx\/es\/wp-json\/wp\/v2\/comments?post=7560"}],"version-history":[{"count":2,"href":"https:\/\/cedehm.org.mx\/es\/wp-json\/wp\/v2\/posts\/7560\/revisions"}],"predecessor-version":[{"id":7563,"href":"https:\/\/cedehm.org.mx\/es\/wp-json\/wp\/v2\/posts\/7560\/revisions\/7563"}],"wp:featuredmedia":[{"embeddable":true,"href":"https:\/\/cedehm.org.mx\/es\/wp-json\/wp\/v2\/media\/7561"}],"wp:attachment":[{"href":"https:\/\/cedehm.org.mx\/es\/wp-json\/wp\/v2\/media?parent=7560"}],"wp:term":[{"taxonomy":"category","embeddable":true,"href":"https:\/\/cedehm.org.mx\/es\/wp-json\/wp\/v2\/categories?post=7560"},{"taxonomy":"post_tag","embeddable":true,"href":"https:\/\/cedehm.org.mx\/es\/wp-json\/wp\/v2\/tags?post=7560"}],"curies":[{"name":"wp","href":"https:\/\/api.w.org\/{rel}","templated":true}]}}