{"id":9423,"date":"2023-10-06T14:10:24","date_gmt":"2023-10-06T20:10:24","guid":{"rendered":"https:\/\/cedehm.org.mx\/es\/?p=9423"},"modified":"2023-10-18T09:55:51","modified_gmt":"2023-10-18T15:55:51","slug":"10-organizaciones-de-seis-estados-de-mexico-celebramos-en-la-capital-oaxaquena-del-4-al-6-de-octubre-el-encuentro-construyendo-en-colectivo-caminos-hacia-la-paz-con-justicia","status":"publish","type":"post","link":"https:\/\/cedehm.org.mx\/es\/2023\/10\/06\/10-organizaciones-de-seis-estados-de-mexico-celebramos-en-la-capital-oaxaquena-del-4-al-6-de-octubre-el-encuentro-construyendo-en-colectivo-caminos-hacia-la-paz-con-justicia\/","title":{"rendered":"10 organizaciones de seis estados de M\u00e9xico celebramos en la capital oaxaque\u00f1a, del 4 al 6 de octubre, el encuentro \u201cConstruyendo en colectivo caminos hacia la paz con justicia\u201d"},"content":{"rendered":"\n<figure class=\"wp-block-gallery has-nested-images columns-default is-cropped wp-block-gallery-1 is-layout-flex wp-block-gallery-is-layout-flex\">\n<figure class=\"wp-block-image size-large\"><img loading=\"lazy\" decoding=\"async\" width=\"1024\" height=\"576\" data-id=\"9424\" src=\"https:\/\/cedehm.org.mx\/es\/wp-content\/uploads\/2023\/10\/Servicio-civil-para-la-paz-1024x576.jpeg\" alt=\"\" class=\"wp-image-9424\" srcset=\"https:\/\/cedehm.org.mx\/es\/wp-content\/uploads\/2023\/10\/Servicio-civil-para-la-paz-1024x576.jpeg 1024w, https:\/\/cedehm.org.mx\/es\/wp-content\/uploads\/2023\/10\/Servicio-civil-para-la-paz-300x169.jpeg 300w, https:\/\/cedehm.org.mx\/es\/wp-content\/uploads\/2023\/10\/Servicio-civil-para-la-paz-768x432.jpeg 768w, https:\/\/cedehm.org.mx\/es\/wp-content\/uploads\/2023\/10\/Servicio-civil-para-la-paz-1536x864.jpeg 1536w, https:\/\/cedehm.org.mx\/es\/wp-content\/uploads\/2023\/10\/Servicio-civil-para-la-paz.jpeg 1599w\" sizes=\"auto, (max-width: 1024px) 100vw, 1024px\" \/><\/figure>\n<\/figure>\n\n\n\n<p><strong>PRONUNCIAMIENTO<\/strong><\/p>\n\n\n\n<ul class=\"wp-block-list\">\n<li><em>Exigimos al Estado Mexicano garantizar el acceso a la justicia, verdad y reparaci\u00f3n integral con la participaci\u00f3n efectiva de las v\u00edctimas y tomar como acci\u00f3n de primer orden la atenci\u00f3n a la grave situaci\u00f3n de violencia feminicida.<\/em><\/li>\n<\/ul>\n\n\n\n<ul class=\"wp-block-list\">\n<li><em>Urgimos al Gobierno de Oaxaca la liberaci\u00f3n de manera inmediata del defensor del bosque Pablo L\u00f3pez Alavez.<\/em><\/li>\n<\/ul>\n\n\n\n<ul class=\"wp-block-list\">\n<li><em>La denominada pol\u00edtica p\u00fablica de paz desarrollada por el gobierno estatal ha sido excluyente, para que sea real en Oaxaca es necesaria la participaci\u00f3n de la sociedad civil.<\/em><\/li>\n<\/ul>\n\n\n\n<p>Con el objetivo de reflexionar sobre los desaf\u00edos del contexto y generar acciones conjuntas, 10 organizaciones de seis estados de M\u00e9xico celebramos en la capital oaxaque\u00f1a, del 4 al 6 de octubre, el encuentro <strong>\u201c<em>Construyendo en colectivo caminos hacia la paz con justicia\u201d<\/em><\/strong>, en el marco del Programa Servicio Civil para la Paz. El espacio permiti\u00f3 el intercambio de experiencias y estrategias para seguir pugnando por el respeto a los derechos humanos de todas las personas, por la atenci\u00f3n y prevenci\u00f3n de la violencia, as\u00ed como por la justicia y condiciones para la construcci\u00f3n de paz.<\/p>\n\n\n\n<p>A partir del an\u00e1lisis compartido, las organizaciones manifestamos las siguientes preocupaciones:<\/p>\n\n\n\n<ul class=\"wp-block-list\">\n<li>La pol\u00edtica de seguridad que avala los procesos de militarizaci\u00f3n por parte del Estado mexicano y su fallida lucha contra la impunidad, como se ha evidenciado en el caso de la desaparici\u00f3n forzada de 43 estudiantes de Ayotzinapa. Recordamos que la paz no se construye solo con voluntad; requiere de justicia efectiva, reparaci\u00f3n del da\u00f1o y un ejercicio constante de recuperaci\u00f3n y construcci\u00f3n de memoria hist\u00f3rica.<\/li>\n<\/ul>\n\n\n\n<ul class=\"wp-block-list\">\n<li>La falta de mecanismos del Estado para atender la crisis migratoria, que est\u00e1 generando deshumanizaci\u00f3n, as\u00ed como graves violaciones a derechos humanos tales como la violencia sexual y trata de mujeres, juventudes y ni\u00f1eces.<\/li>\n<\/ul>\n\n\n\n<ul class=\"wp-block-list\">\n<li>Las m\u00faltiples violencias que se ejercen contra quienes defienden derechos humanos. Ejemplo de ello son los 47 asesinatos de activistas perpetrados en Oaxaca entre 2018 y 2022, cifra que coloca al estado como el m\u00e1s peligroso para la defensa de los derechos humanos en el pa\u00eds.<\/li>\n<\/ul>\n\n\n\n<ul class=\"wp-block-list\">\n<li>La situaci\u00f3n de conflictividad que se vive en M\u00e9xico, particularmente en Oaxaca, donde el crimen organizado y grupos armados vinculados al cacicazgo pol\u00edtico, agrario y econ\u00f3mico atentan contra la poblaci\u00f3n civil con la aquiescencia de autoridades de los tres niveles de gobierno.<\/li>\n<\/ul>\n\n\n\n<ul class=\"wp-block-list\">\n<li>La disputa por el control territorial entre grupos del crimen organizado en colusi\u00f3n con sectores del Estado y otros poderes f\u00e1cticos exacerba la violencia, abona a conflictos comunitarios y es una de las causas del desplazamiento forzado interno.<\/li>\n<\/ul>\n\n\n\n<p>Dado el momento hist\u00f3rico que vive el pa\u00eds, refrendamos nuestra solidaridad y respaldo a v\u00edctimas de violencia feminicida, desaparici\u00f3n forzada, desplazamiento forzado interno; con las familias de v\u00edctimas de violencia feminicida y de personas defensoras asesinadas, as\u00ed como con todas las v\u00edctimas de violaciones a derechos humanos. Es urgente que la definici\u00f3n de las acciones del Estado sea desde una mirada y acci\u00f3n interseccional, multicultural y no desde una l\u00f3gica sexista, racial y de discriminaci\u00f3n.<\/p>\n\n\n\n<p>Exigimos al Estado Mexicano a actuar de manera contundente en contra de la corrupci\u00f3n, la impunidad, asumir con seriedad acciones en contra del funcionariado de los diferentes niveles de gobierno por encubrir intereses criminales de despojo institucional, pol\u00edtico y econ\u00f3mico.<\/p>\n\n\n\n<p>Exigimos al Estado Mexicano a que garantice el acceso a la justicia, verdad y reparaci\u00f3n integral con la participaci\u00f3n efectiva de las v\u00edctimas y tomar como acci\u00f3n de primer orden la atenci\u00f3n a la situaci\u00f3n de violencia feminicida.<\/p>\n\n\n\n<p>La denominada pol\u00edtica p\u00fablica de paz desarrollada por el gobierno estatal ha sido excluyente, para que sea real en Oaxaca es necesaria la participaci\u00f3n de la sociedad civil.<\/p>\n\n\n\n<p>Frente a las violaciones a los derechos humanos, llamamos a la sociedad civil y organizada a favorecer el di\u00e1logo democr\u00e1tico, a asumir acciones humanitarias, a seguir generando Paz y Justicia desde la colectividad, para el fortalecimiento de las formas de articulaci\u00f3n social de los pueblos, las comunidades y la ciudadan\u00eda en general.<\/p>\n\n\n\n<p>Urgimos al Gobierno del Estado y al Poder Judicial de Oaxaca a que libere de manera inmediata al defensor del bosque <strong>Pablo L\u00f3pez Alavez<\/strong> en cumplimiento a la opini\u00f3n 23\/2017 del Grupo de Trabajo sobre Detenciones Arbitrarias de la ONU.<\/p>\n\n\n\n<p><em>Oaxaca de Ju\u00e1rez, Oaxaca, M\u00e9xico, a 06 de octubre de 2023.<\/em><\/p>\n\n\n\n<p>Comit\u00e9 de Defensa Integral de Derechos Humanos, Gobixha (CODIGO DH) \u2013 Oaxaca<\/p>\n\n\n\n<p>Consorcio para el Di\u00e1logo Parlamentario y la Equidad Oaxaca \u2013 Oaxaca<\/p>\n\n\n\n<p>Servicios para una Educaci\u00f3n Alternativa (EDUCA) \u2013 Oaxaca<\/p>\n\n\n\n<p><a>Centro de Derechos Humanos Fray Bartolom\u00e9 de Las Casas \u2013 Chiapas<\/a><\/p>\n\n\n\n<p>Comisi\u00f3n de Apoyo a la Unidad y Reconciliaci\u00f3n Comunitaria (CORECO) \u2013 Chiapas<\/p>\n\n\n\n<p>Centro de Derechos Humanos de las Mujeres (CEDEHM)\u2013 Chihuahua<\/p>\n\n\n\n<p>Centro de Justicia para la Paz y el Desarrollo (CEPAD) \u2013 Jalisco<\/p>\n\n\n\n<p>Centro para los Derechos Humanos Fray Juan de Larios \u2013 Coahuila<\/p>\n\n\n\n<p>Aluna Acompa\u00f1amiento Psicosocial \u2013 CDMX<\/p>\n\n\n\n<p>Servicios y Asesor\u00eda para la Paz (SERAPAZ) \u2013 CDMX<\/p>\n","protected":false},"excerpt":{"rendered":"<p>PRONUNCIAMIENTO Con el objetivo de reflexionar sobre los desaf\u00edos del contexto y generar acciones conjuntas, 10 organizaciones de seis estados de M\u00e9xico celebramos en la capital oaxaque\u00f1a, del 4 al 6 de octubre, el encuentro \u201cConstruyendo en colectivo caminos hacia la paz con justicia\u201d, en el marco del Programa Servicio Civil para la Paz. El [&hellip;]<\/p>\n","protected":false},"author":2,"featured_media":9424,"comment_status":"closed","ping_status":"closed","sticky":false,"template":"","format":"standard","meta":{"footnotes":""},"categories":[1],"tags":[],"class_list":["post-9423","post","type-post","status-publish","format-standard","has-post-thumbnail","hentry","category-sin-categoria"],"_links":{"self":[{"href":"https:\/\/cedehm.org.mx\/es\/wp-json\/wp\/v2\/posts\/9423","targetHints":{"allow":["GET"]}}],"collection":[{"href":"https:\/\/cedehm.org.mx\/es\/wp-json\/wp\/v2\/posts"}],"about":[{"href":"https:\/\/cedehm.org.mx\/es\/wp-json\/wp\/v2\/types\/post"}],"author":[{"embeddable":true,"href":"https:\/\/cedehm.org.mx\/es\/wp-json\/wp\/v2\/users\/2"}],"replies":[{"embeddable":true,"href":"https:\/\/cedehm.org.mx\/es\/wp-json\/wp\/v2\/comments?post=9423"}],"version-history":[{"count":1,"href":"https:\/\/cedehm.org.mx\/es\/wp-json\/wp\/v2\/posts\/9423\/revisions"}],"predecessor-version":[{"id":9425,"href":"https:\/\/cedehm.org.mx\/es\/wp-json\/wp\/v2\/posts\/9423\/revisions\/9425"}],"wp:featuredmedia":[{"embeddable":true,"href":"https:\/\/cedehm.org.mx\/es\/wp-json\/wp\/v2\/media\/9424"}],"wp:attachment":[{"href":"https:\/\/cedehm.org.mx\/es\/wp-json\/wp\/v2\/media?parent=9423"}],"wp:term":[{"taxonomy":"category","embeddable":true,"href":"https:\/\/cedehm.org.mx\/es\/wp-json\/wp\/v2\/categories?post=9423"},{"taxonomy":"post_tag","embeddable":true,"href":"https:\/\/cedehm.org.mx\/es\/wp-json\/wp\/v2\/tags?post=9423"}],"curies":[{"name":"wp","href":"https:\/\/api.w.org\/{rel}","templated":true}]}}