{"id":9708,"date":"2024-10-04T11:00:00","date_gmt":"2024-10-04T17:00:00","guid":{"rendered":"https:\/\/cedehm.org.mx\/es\/?p=9708"},"modified":"2024-10-07T12:49:06","modified_gmt":"2024-10-07T18:49:06","slug":"posicionamiento-de-las-familias-de-personas-desaparecidas-de-quintana-roo-guanajuato-morelos-jalisco-durango-y-chihuahua","status":"publish","type":"post","link":"https:\/\/cedehm.org.mx\/es\/2024\/10\/04\/posicionamiento-de-las-familias-de-personas-desaparecidas-de-quintana-roo-guanajuato-morelos-jalisco-durango-y-chihuahua\/","title":{"rendered":"Posicionamiento de las Familias de Personas Desaparecidas de Quintana Roo, Guanajuato, Morelos, Jalisco, Durango y Chihuahua"},"content":{"rendered":"\n<figure class=\"wp-block-image size-large\"><img loading=\"lazy\" decoding=\"async\" width=\"1024\" height=\"683\" src=\"https:\/\/cedehm.org.mx\/es\/wp-content\/uploads\/2024\/10\/IMG_0437-1024x683.jpg\" alt=\"\" class=\"wp-image-9709\" srcset=\"https:\/\/cedehm.org.mx\/es\/wp-content\/uploads\/2024\/10\/IMG_0437-1024x683.jpg 1024w, https:\/\/cedehm.org.mx\/es\/wp-content\/uploads\/2024\/10\/IMG_0437-300x200.jpg 300w, https:\/\/cedehm.org.mx\/es\/wp-content\/uploads\/2024\/10\/IMG_0437-768x512.jpg 768w, https:\/\/cedehm.org.mx\/es\/wp-content\/uploads\/2024\/10\/IMG_0437-1536x1024.jpg 1536w, https:\/\/cedehm.org.mx\/es\/wp-content\/uploads\/2024\/10\/IMG_0437-2048x1365.jpg 2048w\" sizes=\"auto, (max-width: 1024px) 100vw, 1024px\" \/><\/figure>\n\n\n\n<p>Reunidas en Chihuahua para el encuentro con familiares del colectivo de b\u00fasqueda que acompa\u00f1a el Centro de Derechos Humanos de las Mujeres; madres, padres, hijas, hermanas y esposas de personas desaparecidas de los estados de Quintana Roo, Guanajuato, Morelos, Durango y Jalisco, hemos podido compartir los principales retos y obst\u00e1culos a los que nos enfrentamos en nuestra lucha.<\/p>\n\n\n\n<p>En el marco de nuestro encuentro y visita, el d\u00eda de ayer, 3 de octubre, acudimos a servicios periciales a solicitar que se nos tomaran muestras gen\u00e9ticas, ante la imposibilidad de que las autoridades tengan un cruce autom\u00e1tico nacional, es decir, tuvimos que venir aqu\u00ed a proporcionar nuestros datos gen\u00e9ticos ante la ineficacia del banco nacional de datos.<\/p>\n\n\n\n<p>Nosotras, las familias de personas desaparecidas aqu\u00ed reunidas y las colectivas a las que representamos de los estados de Chihuahua, Quintana Roo, Guanajuato, Durango, Morelos y Jalisco, hacemos un llamado urgente y unificado a las autoridades, tanto estatales como federales, para que cumplan con su responsabilidad en la b\u00fasqueda e identificaci\u00f3n de nuestros seres queridos. Es inaceptable que el sistema de justicia, encargado de dar respuestas, se haya mostrado ineficaz y negligente ante nuestra causa. No permitiremos que esta situaci\u00f3n contin\u00fae sin alzar nuestras voces.&nbsp;<\/p>\n\n\n\n<p>Tan solo de los estados que estamos concentradas hoy para este&nbsp;\u201cEncuentro de colectivos de b\u00fasqueda\u201d, en Chihuahua hay m\u00e1s de 4800 personas desaparecidas, en Quintana Roo existe el registro de m\u00e1s de 1500 personas desaparecidas, Guanajuato se busca a m\u00e1s de 4mil personas desaparecidas, en Morelos hay m\u00e1s de 2800 personas desaparecidas y en Jalisco la cifra es de m\u00e1s de 16 mil personas con denuncia de desaparici\u00f3n.&nbsp;<\/p>\n\n\n\n<p>Exigimos:&nbsp;<\/p>\n\n\n\n<ol start=\"1\" class=\"wp-block-list\">\n<li>Se d\u00e9 seguimiento a las reuniones con las Fiscal\u00edas: \u00c9stas deben mantenerse de manera regular y transparente, enfocadas en la obtenci\u00f3n de resultados claros. No aceptaremos m\u00e1s dilaciones o excusas.\u00a0<\/li>\n\n\n\n<li>Es imprescindible que se complete y se haga funcional la base de datos forense. Exigimos que esta herramienta, vital para la identificaci\u00f3n de los cuerpos no identificados, sea operativa lo m\u00e1s pronto posible. La falta de coordinaci\u00f3n y la ineficiencia actual de los estados han hecho de este proceso un obst\u00e1culo m\u00e1s en nuestra b\u00fasqueda.\u00a0<\/li>\n\n\n\n<li>Es urgente que haya una verdadera comunicaci\u00f3n y coordinaci\u00f3n entre los estados para agilizar el cotejo de cuerpos no identificados. Solo as\u00ed se podr\u00e1n generar resultados eficaces en la identificaci\u00f3n y localizaci\u00f3n de nuestros seres queridos.\u00a0<\/li>\n\n\n\n<li>Las familias debemos ser parte activa en la toma de decisiones. Exigimos la creaci\u00f3n de mesas de trabajo conjuntas con la Comisi\u00f3n de B\u00fasqueda y los Ministerios P\u00fablicos, donde nuestras voces sean escuchadas y se nos permita contribuir en el proceso.\u00a0<\/li>\n\n\n\n<li>Es necesario que se verifique si los Ministerios P\u00fablicos realmente est\u00e1n solicitando informaci\u00f3n de otros estados para avanzar en las b\u00fasquedas. Queremos transparencia en este proceso y saber si se est\u00e1n coordinando como deber\u00edan.\u00a0<\/li>\n\n\n\n<li>Hemos solicitado desde hace tiempo el acceso a los Centros de Reinserci\u00f3n Social (CERESOS), y seguimos exigiendo que se nos permita entrar a estos espacios, ya que podr\u00edan ser clave en nuestras b\u00fasquedas.\u00a0<\/li>\n\n\n\n<li>La articulaci\u00f3n y el verdadero trabajo en conjunto con la Comisi\u00f3n Nacional de B\u00fasqueda es fundamental. No queremos m\u00e1s promesas vac\u00edas, sino acciones concretas y resultados tangibles.\u00a0<\/li>\n\n\n\n<li>Coincidimos con la necesidad urgente de identificar los m\u00e1s de 72 mil cuerpos sin identificar.\u00a0Son cuerpos que ingresaron a los Servicios M\u00e9dicos Forenses (Semefos) entre 2006 y 2023, que est\u00e1n sin identificar en todo el pa\u00eds. Este n\u00famero no es solo una cifra; son personas que esperan ser devueltas a sus familias.\u00a0<\/li>\n\n\n\n<li>Solicitamos a los medios, locales, estatales, nacionales e internacionales que visibilicen la falta de justicia para las personas desaparecidas en M\u00e9xico. Las fiscal\u00edas no est\u00e1n cumpliendo su funci\u00f3n y los colectivos no podemos seguir haciendo su trabajo. Los gobernadores cierran los ojos ante nuestras peticiones, y no nos reciben ni para escuchar nuestras demandas b\u00e1sicas.\u00a0<\/li>\n\n\n\n<li>Exigimos que se realicen campa\u00f1as masivas de toma de muestras de sangre para la creaci\u00f3n de perfiles gen\u00e9ticos de las familias buscadoras en todo el pa\u00eds, para facilitar la identificaci\u00f3n de nuestros seres queridos.\u00a0<\/li>\n\n\n\n<li>Solicitamos apoyo tanto del gobierno federal como de organizaciones internacionales para combatir el rezago forense de las fiscal\u00edas de los estados. Este rezago es uno de los principales obst\u00e1culos en la identificaci\u00f3n de cuerpos y debe ser enfrentado de manera urgente y decidida.\u00a0<\/li>\n<\/ol>\n\n\n\n<p>Nos duele profundamente que el esfuerzo que las familias hemos hecho durante a\u00f1os siga siendo infructuoso debido a la incompetencia y negligencia de las autoridades. No permitiremos que este proceso quede inconcluso. Seguiremos insistiendo, porque si no los buscamos y exigimos justicia nosotras, nadie lo har\u00e1. No pararemos hasta que nuestros desaparecidos sean encontrados, hasta que la justicia sea real.&nbsp;<\/p>\n\n\n\n<p><strong>\u00a1Vivos se los llevaron, vivos los queremos!<\/strong><\/p>\n\n\n\n<p>Firmantes:<\/p>\n\n\n\n<p>Proyecto de b\u00fasqueda (Celaya, Guanajuato), Regresando a casa (Morelos), FUNDEJ (Guadalajara, Jalisco)<\/p>\n\n\n\n<p>Verdad, memoria y justicia (Canc\u00fan, Quintana Roo), Familiares de personas desaparecidas de Durango<\/p>\n\n\n\n<p>Colectivo de familiares de personas desaparecidas de Chihuahua acompa\u00f1adas por el CEDEHM (Parral, Cuauht\u00e9moc, Delicias, Jim\u00e9nez, Namiquipa, Aldama, Ju\u00e1rez).<\/p>\n","protected":false},"excerpt":{"rendered":"<p>Reunidas en Chihuahua para el encuentro con familiares del colectivo de b\u00fasqueda que acompa\u00f1a el Centro de Derechos Humanos de las Mujeres; madres, padres, hijas, hermanas y esposas de personas desaparecidas de los estados de Quintana Roo, Guanajuato, Morelos, Durango y Jalisco, hemos podido compartir los principales retos y obst\u00e1culos a los que nos enfrentamos [&hellip;]<\/p>\n","protected":false},"author":3,"featured_media":9710,"comment_status":"open","ping_status":"open","sticky":false,"template":"","format":"standard","meta":{"footnotes":""},"categories":[1],"tags":[],"class_list":["post-9708","post","type-post","status-publish","format-standard","has-post-thumbnail","hentry","category-sin-categoria"],"_links":{"self":[{"href":"https:\/\/cedehm.org.mx\/es\/wp-json\/wp\/v2\/posts\/9708","targetHints":{"allow":["GET"]}}],"collection":[{"href":"https:\/\/cedehm.org.mx\/es\/wp-json\/wp\/v2\/posts"}],"about":[{"href":"https:\/\/cedehm.org.mx\/es\/wp-json\/wp\/v2\/types\/post"}],"author":[{"embeddable":true,"href":"https:\/\/cedehm.org.mx\/es\/wp-json\/wp\/v2\/users\/3"}],"replies":[{"embeddable":true,"href":"https:\/\/cedehm.org.mx\/es\/wp-json\/wp\/v2\/comments?post=9708"}],"version-history":[{"count":1,"href":"https:\/\/cedehm.org.mx\/es\/wp-json\/wp\/v2\/posts\/9708\/revisions"}],"predecessor-version":[{"id":9711,"href":"https:\/\/cedehm.org.mx\/es\/wp-json\/wp\/v2\/posts\/9708\/revisions\/9711"}],"wp:featuredmedia":[{"embeddable":true,"href":"https:\/\/cedehm.org.mx\/es\/wp-json\/wp\/v2\/media\/9710"}],"wp:attachment":[{"href":"https:\/\/cedehm.org.mx\/es\/wp-json\/wp\/v2\/media?parent=9708"}],"wp:term":[{"taxonomy":"category","embeddable":true,"href":"https:\/\/cedehm.org.mx\/es\/wp-json\/wp\/v2\/categories?post=9708"},{"taxonomy":"post_tag","embeddable":true,"href":"https:\/\/cedehm.org.mx\/es\/wp-json\/wp\/v2\/tags?post=9708"}],"curies":[{"name":"wp","href":"https:\/\/api.w.org\/{rel}","templated":true}]}}