{"id":9718,"date":"2024-11-25T09:37:52","date_gmt":"2024-11-25T16:37:52","guid":{"rendered":"https:\/\/cedehm.org.mx\/es\/?p=9718"},"modified":"2024-11-25T09:44:23","modified_gmt":"2024-11-25T16:44:23","slug":"defensoras-y-periodistas-tejedoras-de-esperanza","status":"publish","type":"post","link":"https:\/\/cedehm.org.mx\/es\/2024\/11\/25\/defensoras-y-periodistas-tejedoras-de-esperanza\/","title":{"rendered":"Defensoras y Periodistas: Tejedoras de Esperanza"},"content":{"rendered":"<div class=\"wp-block-image\">\n<figure class=\"aligncenter size-full\"><img loading=\"lazy\" decoding=\"async\" width=\"576\" height=\"406\" src=\"https:\/\/cedehm.org.mx\/es\/wp-content\/uploads\/2024\/11\/Defensoras-y-periodistas-1.jpg\" alt=\"\" class=\"wp-image-9720\" srcset=\"https:\/\/cedehm.org.mx\/es\/wp-content\/uploads\/2024\/11\/Defensoras-y-periodistas-1.jpg 576w, https:\/\/cedehm.org.mx\/es\/wp-content\/uploads\/2024\/11\/Defensoras-y-periodistas-1-300x211.jpg 300w\" sizes=\"auto, (max-width: 576px) 100vw, 576px\" \/><\/figure>\n<\/div>\n\n\n<p>\u00b7&nbsp;&nbsp;&nbsp;&nbsp;&nbsp;&nbsp;&nbsp;&nbsp;&nbsp;<strong>La esperanza es la semilla que brota y florece en los momentos m\u00e1s adversos<\/strong><\/p>\n\n\n\n<p>Hoy, d\u00eda internacional para la eliminaci\u00f3n de la&nbsp;violencia contra las mujeres y en el marco de los&nbsp;<em>16 d\u00edas de activismo contra la violencia de g\u00e9ner<\/em>o, desde las organizaciones CIMAC, Consorcio Oaxaca y el CEDEHM, lanzamos la campa\u00f1a&nbsp;\u201cDefensoras y Periodistas: Tejedoras de Esperanza\u201d.<\/p>\n\n\n\n<p>Con esta iniciativa ponemos en el centro las historias, experiencias, saberes, caminos y apuestas de mujeres diversas que desde sus territorios, colectividades y medios desaf\u00edan la violencia, la injusticia y el miedo. D\u00eda a d\u00eda cada una de ellas construye esperanza de un mundo m\u00e1s justo desde algunos de los espacios m\u00e1s riesgosos para hacer esta labor en M\u00e9xico: Chihuahua, Guanajuato, Jalisco, Oaxaca y San Luis Potos\u00ed.<\/p>\n\n\n\n<p>Reconocer y visibilizar esta labor es abrir espacios de protecci\u00f3n que permitan que sigan realizando su hacer y fortalezcan sus apuestas por la vida, la libertad, la justicia y la dignidad.<\/p>\n\n\n\n<p>Las organizaciones feministas que coordinamos esta iniciativa reconocemos que la transformaci\u00f3n de las realidades en las que vivimos atravesada por la violencia, misoginia, capitalismo voraz y extractivismo, parte necesariamente de los sue\u00f1os, apuestas y esperanza que atraviesan nuestras historias de vida e impulsan nuestro actuar. Tenemos la certeza de que la igualdad, justicia, verdad y paz podr\u00e1n hacerse tangibles siempre que caminemos seguras, acompa\u00f1adas y en condiciones dignas.<\/p>\n\n\n\n<p>Durante la campa\u00f1a que hoy arranca y se desarrollara a lo largo de los pr\u00f3ximos 16 d\u00edas, entretejeremos voces, rostros e historias de mujeres defensoras y periodistas. Juntas son las hebras que conforman un solo tejido.<\/p>\n\n\n\n<p>Reconoceremos y rendiremos homenaje tambi\u00e9n a tejedoras de esperanza cuyo camino ha sido interrumpido sea que la vida les fue arrebatada o que trascendieron a causa de los impactos de los contextos y labor que realizan. Porque la memoria es el primer paso hacia la justicia.&nbsp;<\/p>\n\n\n\n<p>#DefensorasYPeriodistasTejedorasDeEsperanza<\/p>\n\n\n\n<figure class=\"wp-block-embed is-type-video is-provider-youtube wp-block-embed-youtube wp-embed-aspect-16-9 wp-has-aspect-ratio\"><div class=\"wp-block-embed__wrapper\">\n<iframe loading=\"lazy\" title=\"Defensoras y Periodistas: Tejedoras de Esperanza\" width=\"500\" height=\"281\" src=\"https:\/\/www.youtube.com\/embed\/zk5gxJmc74U?feature=oembed\" frameborder=\"0\" allow=\"accelerometer; autoplay; clipboard-write; encrypted-media; gyroscope; picture-in-picture; web-share\" referrerpolicy=\"strict-origin-when-cross-origin\" allowfullscreen><\/iframe>\n<\/div><\/figure>\n","protected":false},"excerpt":{"rendered":"<p>\u00b7&nbsp;&nbsp;&nbsp;&nbsp;&nbsp;&nbsp;&nbsp;&nbsp;&nbsp;La esperanza es la semilla que brota y florece en los momentos m\u00e1s adversos Hoy, d\u00eda internacional para la eliminaci\u00f3n de la&nbsp;violencia contra las mujeres y en el marco de los&nbsp;16 d\u00edas de activismo contra la violencia de g\u00e9nero, desde las organizaciones CIMAC, Consorcio Oaxaca y el CEDEHM, lanzamos la campa\u00f1a&nbsp;\u201cDefensoras y Periodistas: Tejedoras de [&hellip;]<\/p>\n","protected":false},"author":3,"featured_media":9719,"comment_status":"open","ping_status":"open","sticky":false,"template":"","format":"standard","meta":{"footnotes":""},"categories":[1],"tags":[],"class_list":["post-9718","post","type-post","status-publish","format-standard","has-post-thumbnail","hentry","category-sin-categoria"],"_links":{"self":[{"href":"https:\/\/cedehm.org.mx\/es\/wp-json\/wp\/v2\/posts\/9718","targetHints":{"allow":["GET"]}}],"collection":[{"href":"https:\/\/cedehm.org.mx\/es\/wp-json\/wp\/v2\/posts"}],"about":[{"href":"https:\/\/cedehm.org.mx\/es\/wp-json\/wp\/v2\/types\/post"}],"author":[{"embeddable":true,"href":"https:\/\/cedehm.org.mx\/es\/wp-json\/wp\/v2\/users\/3"}],"replies":[{"embeddable":true,"href":"https:\/\/cedehm.org.mx\/es\/wp-json\/wp\/v2\/comments?post=9718"}],"version-history":[{"count":3,"href":"https:\/\/cedehm.org.mx\/es\/wp-json\/wp\/v2\/posts\/9718\/revisions"}],"predecessor-version":[{"id":9723,"href":"https:\/\/cedehm.org.mx\/es\/wp-json\/wp\/v2\/posts\/9718\/revisions\/9723"}],"wp:featuredmedia":[{"embeddable":true,"href":"https:\/\/cedehm.org.mx\/es\/wp-json\/wp\/v2\/media\/9719"}],"wp:attachment":[{"href":"https:\/\/cedehm.org.mx\/es\/wp-json\/wp\/v2\/media?parent=9718"}],"wp:term":[{"taxonomy":"category","embeddable":true,"href":"https:\/\/cedehm.org.mx\/es\/wp-json\/wp\/v2\/categories?post=9718"},{"taxonomy":"post_tag","embeddable":true,"href":"https:\/\/cedehm.org.mx\/es\/wp-json\/wp\/v2\/tags?post=9718"}],"curies":[{"name":"wp","href":"https:\/\/api.w.org\/{rel}","templated":true}]}}