{"id":9759,"date":"2025-01-07T09:13:21","date_gmt":"2025-01-07T16:13:21","guid":{"rendered":"https:\/\/cedehm.org.mx\/es\/?p=9759"},"modified":"2025-01-07T09:13:22","modified_gmt":"2025-01-07T16:13:22","slug":"dictan-condena-de-25-anos-por-la-desaparicion-de-8-integrantes-de-la-familia-munoz","status":"publish","type":"post","link":"https:\/\/cedehm.org.mx\/es\/2025\/01\/07\/dictan-condena-de-25-anos-por-la-desaparicion-de-8-integrantes-de-la-familia-munoz\/","title":{"rendered":"Dictan condena de 25 a\u00f1os por la desaparici\u00f3n de 8 integrantes de la familia Mu\u00f1oz\u00a0"},"content":{"rendered":"\n<figure class=\"wp-block-image size-large\"><img loading=\"lazy\" decoding=\"async\" width=\"1024\" height=\"722\" src=\"https:\/\/cedehm.org.mx\/es\/wp-content\/uploads\/2025\/01\/CASO-MUNOZ-dictan-condena-copia-1024x722.jpg\" alt=\"\" class=\"wp-image-9760\" srcset=\"https:\/\/cedehm.org.mx\/es\/wp-content\/uploads\/2025\/01\/CASO-MUNOZ-dictan-condena-copia-1024x722.jpg 1024w, https:\/\/cedehm.org.mx\/es\/wp-content\/uploads\/2025\/01\/CASO-MUNOZ-dictan-condena-copia-300x212.jpg 300w, https:\/\/cedehm.org.mx\/es\/wp-content\/uploads\/2025\/01\/CASO-MUNOZ-dictan-condena-copia-768x542.jpg 768w, https:\/\/cedehm.org.mx\/es\/wp-content\/uploads\/2025\/01\/CASO-MUNOZ-dictan-condena-copia-1536x1084.jpg 1536w, https:\/\/cedehm.org.mx\/es\/wp-content\/uploads\/2025\/01\/CASO-MUNOZ-dictan-condena-copia-2048x1445.jpg 2048w\" sizes=\"auto, (max-width: 1024px) 100vw, 1024px\" \/><\/figure>\n\n\n\n<p>Chihuahua, Chih., a 7 de enero de 2025. La tarde de este lunes 6 de enero de 2025, el Tribunal de Enjuiciamiento dict\u00f3 una sentencia de 25 a\u00f1os de condena<strong> <\/strong>contra V\u00edctor N., tras ser declarado culpable por la desaparici\u00f3n de la familia Mu\u00f1oz, ocurrida el 19 de junio de 2011.&nbsp;<\/p>\n\n\n\n<p>Durante el juicio oral, se presentaron m\u00e1s de 25 testigos, incluyendo integrantes de la familia, polic\u00edas investigadores y peritos, quienes aportaron pruebas para acreditar su responsabilidad en la desaparici\u00f3n de ocho personas.&nbsp;<\/p>\n\n\n\n<p>Como parte de las medidas de reparaci\u00f3n del da\u00f1o integral de manera complementaria, por su corresponsabilidad de prevenir la violaci\u00f3n a derechos humanos, y afectar de manera negativa el derecho de acceso a la justicia y reparaci\u00f3n integral de las v\u00edctimas indirectas, se orden\u00f3:&nbsp;<\/p>\n\n\n\n<p>Otorg\u00f3 como medidas integrales:&nbsp;<\/p>\n\n\n\n<p>&#8211; Proyecto de vida &nbsp;<\/p>\n\n\n\n<p>&#8211; \u2060Da\u00f1o materia e inmaterial (a cargo del Fondo del Estado)&nbsp;<\/p>\n\n\n\n<p>&#8211; \u2060Atenci\u00f3n Psicol\u00f3gica (terapia individual, familiar y psicosocial)&nbsp;<\/p>\n\n\n\n<p>&#8211; \u2060B\u00fasqueda permanente, sistem\u00e1tica, rigurosa con los recursos humanos, t\u00e9cnicos y cient\u00edficos adecuados e id\u00f3neos.&nbsp;<\/p>\n\n\n\n<p>Este fallo no solo representa un paso importante en la b\u00fasqueda de justicia para las v\u00edctimas y sus familias, sino que tambi\u00e9n env\u00eda un mensaje claro sobre la importancia de que los casos de desaparici\u00f3n no queden en la impunidad. En el contexto mexicano, donde la crisis de desapariciones afecta a miles de familias, garantizar investigaciones eficaces y sanciones ejemplares es fundamental para reconstruir la confianza en las instituciones y evitar la repetici\u00f3n de estas graves violaciones a los derechos humanos.&nbsp;<\/p>\n\n\n\n<p><strong>Centro de Derechos Humanos de las Mujeres<\/strong><\/p>\n","protected":false},"excerpt":{"rendered":"<p>Chihuahua, Chih., a 7 de enero de 2025. La tarde de este lunes 6 de enero de 2025, el Tribunal de Enjuiciamiento dict\u00f3 una sentencia de 25 a\u00f1os de condena contra V\u00edctor N., tras ser declarado culpable por la desaparici\u00f3n de la familia Mu\u00f1oz, ocurrida el 19 de junio de 2011.&nbsp; Durante el juicio oral, [&hellip;]<\/p>\n","protected":false},"author":3,"featured_media":9760,"comment_status":"open","ping_status":"open","sticky":false,"template":"","format":"standard","meta":{"footnotes":""},"categories":[1],"tags":[],"class_list":["post-9759","post","type-post","status-publish","format-standard","has-post-thumbnail","hentry","category-sin-categoria"],"_links":{"self":[{"href":"https:\/\/cedehm.org.mx\/es\/wp-json\/wp\/v2\/posts\/9759","targetHints":{"allow":["GET"]}}],"collection":[{"href":"https:\/\/cedehm.org.mx\/es\/wp-json\/wp\/v2\/posts"}],"about":[{"href":"https:\/\/cedehm.org.mx\/es\/wp-json\/wp\/v2\/types\/post"}],"author":[{"embeddable":true,"href":"https:\/\/cedehm.org.mx\/es\/wp-json\/wp\/v2\/users\/3"}],"replies":[{"embeddable":true,"href":"https:\/\/cedehm.org.mx\/es\/wp-json\/wp\/v2\/comments?post=9759"}],"version-history":[{"count":1,"href":"https:\/\/cedehm.org.mx\/es\/wp-json\/wp\/v2\/posts\/9759\/revisions"}],"predecessor-version":[{"id":9761,"href":"https:\/\/cedehm.org.mx\/es\/wp-json\/wp\/v2\/posts\/9759\/revisions\/9761"}],"wp:featuredmedia":[{"embeddable":true,"href":"https:\/\/cedehm.org.mx\/es\/wp-json\/wp\/v2\/media\/9760"}],"wp:attachment":[{"href":"https:\/\/cedehm.org.mx\/es\/wp-json\/wp\/v2\/media?parent=9759"}],"wp:term":[{"taxonomy":"category","embeddable":true,"href":"https:\/\/cedehm.org.mx\/es\/wp-json\/wp\/v2\/categories?post=9759"},{"taxonomy":"post_tag","embeddable":true,"href":"https:\/\/cedehm.org.mx\/es\/wp-json\/wp\/v2\/tags?post=9759"}],"curies":[{"name":"wp","href":"https:\/\/api.w.org\/{rel}","templated":true}]}}