{"id":9765,"date":"2025-03-10T12:38:42","date_gmt":"2025-03-10T19:38:42","guid":{"rendered":"https:\/\/cedehm.org.mx\/es\/?p=9765"},"modified":"2025-03-25T12:43:42","modified_gmt":"2025-03-25T19:43:42","slug":"exigimos-alto-a-las-practicas-de-represion-en-manifestaciones","status":"publish","type":"post","link":"https:\/\/cedehm.org.mx\/es\/2025\/03\/10\/exigimos-alto-a-las-practicas-de-represion-en-manifestaciones\/","title":{"rendered":"Exigimos alto a las pr\u00e1cticas de represi\u00f3n en manifestaciones"},"content":{"rendered":"\n<p>Chihuahua, Chihuhaua a 10 marzo 2025<\/p>\n\n\n\n<p>A la sociedad en general, a los medios de comunicaci\u00f3n, a las autoridades:<\/p>\n\n\n\n<p>Expresamos nuestro en\u00e9rgico rechazo a la violencia contra las mujeres que ejerc\u00edan su derecho a la libre manifestaci\u00f3n durante la marcha del 8 de marzo en la ciudad de Chihuahua. Nos indigna y preocupa profundamente el actuar de los elementos de la Polic\u00eda Estatal, quienes vestidos de civil y sin identificarse de manera adecuada, realizaron detenciones ilegales y arbitrarias en contra de tres compa\u00f1eras manifestantes.<\/p>\n\n\n\n<p>El actuar de los elementos atenta contra el art\u00edculo 6, establecido en la Ley del Sistema Estatal de Seguridad P\u00fablica, en el que se decreta que la actuaci\u00f3n de la polici\u00e1 debe regirse por los principios de legalidad, objetividad y respeto a los derechos fundamentales reconocidos por la Constituci\u00f3n, en los tratados internacionales de los cuales M\u00e9xico sea parte y en la Constituci\u00f3n local.<\/p>\n\n\n\n<p>La participaci\u00f3n de agentes estatales en operativos encubiertos para reprimir protestas es una grave violaci\u00f3n a los derechos humanos y al derecho a la protesta. La falta de protocolos claros y la ausencia de transparencia en estos procedimientos s\u00f3lo perpet\u00faa la violencia institucional y el abuso de poder.<\/p>\n\n\n\n<p>Exigimos:<\/p>\n\n\n\n<p>El esclarecimiento de los hechos y la rendici\u00f3n de cuentas por parte de las autoridades responsables.<\/p>\n\n\n\n<p>No m\u00e1s pr\u00e1cticas represivas y el respeto a los derechos humanos en todas las manifestaciones.<\/p>\n\n\n\n<p>Garant\u00edas de no repetici\u00f3n y la implementaci\u00f3n de protocolos de actuaci\u00f3n que protejan a quienes ejercen su derecho a la protesta.<\/p>\n\n\n\n<p>Nos solidarizamos con las compa\u00f1eras que fueron v\u00edctimas de esta agresi\u00f3n y con todas aquellas que se han movilizado para exigir justicia, verdad y reparaci\u00f3n. Seguiremos denunciando y exigiendo que nuestros derechos sean respetados.<\/p>\n","protected":false},"excerpt":{"rendered":"<p>Chihuahua, Chihuhaua a 10 marzo 2025 A la sociedad en general, a los medios de comunicaci\u00f3n, a las autoridades: Expresamos nuestro en\u00e9rgico rechazo a la violencia contra las mujeres que ejerc\u00edan su derecho a la libre manifestaci\u00f3n durante la marcha del 8 de marzo en la ciudad de Chihuahua. Nos indigna y preocupa profundamente el [&hellip;]<\/p>\n","protected":false},"author":3,"featured_media":9766,"comment_status":"open","ping_status":"open","sticky":false,"template":"","format":"standard","meta":{"footnotes":""},"categories":[1],"tags":[],"class_list":["post-9765","post","type-post","status-publish","format-standard","has-post-thumbnail","hentry","category-sin-categoria"],"_links":{"self":[{"href":"https:\/\/cedehm.org.mx\/es\/wp-json\/wp\/v2\/posts\/9765","targetHints":{"allow":["GET"]}}],"collection":[{"href":"https:\/\/cedehm.org.mx\/es\/wp-json\/wp\/v2\/posts"}],"about":[{"href":"https:\/\/cedehm.org.mx\/es\/wp-json\/wp\/v2\/types\/post"}],"author":[{"embeddable":true,"href":"https:\/\/cedehm.org.mx\/es\/wp-json\/wp\/v2\/users\/3"}],"replies":[{"embeddable":true,"href":"https:\/\/cedehm.org.mx\/es\/wp-json\/wp\/v2\/comments?post=9765"}],"version-history":[{"count":1,"href":"https:\/\/cedehm.org.mx\/es\/wp-json\/wp\/v2\/posts\/9765\/revisions"}],"predecessor-version":[{"id":9767,"href":"https:\/\/cedehm.org.mx\/es\/wp-json\/wp\/v2\/posts\/9765\/revisions\/9767"}],"wp:featuredmedia":[{"embeddable":true,"href":"https:\/\/cedehm.org.mx\/es\/wp-json\/wp\/v2\/media\/9766"}],"wp:attachment":[{"href":"https:\/\/cedehm.org.mx\/es\/wp-json\/wp\/v2\/media?parent=9765"}],"wp:term":[{"taxonomy":"category","embeddable":true,"href":"https:\/\/cedehm.org.mx\/es\/wp-json\/wp\/v2\/categories?post=9765"},{"taxonomy":"post_tag","embeddable":true,"href":"https:\/\/cedehm.org.mx\/es\/wp-json\/wp\/v2\/tags?post=9765"}],"curies":[{"name":"wp","href":"https:\/\/api.w.org\/{rel}","templated":true}]}}