{"id":9783,"date":"2025-03-01T09:33:41","date_gmt":"2025-03-01T16:33:41","guid":{"rendered":"https:\/\/cedehm.org.mx\/es\/?p=9783"},"modified":"2025-04-24T09:42:42","modified_gmt":"2025-04-24T15:42:42","slug":"exigimos-justicia-para-ernesto-rabago-martinez-a-15-anos-de-impunidad","status":"publish","type":"post","link":"https:\/\/cedehm.org.mx\/es\/2025\/03\/01\/exigimos-justicia-para-ernesto-rabago-martinez-a-15-anos-de-impunidad\/","title":{"rendered":"Exigimos justicia para Ernesto R\u00e1bago Mart\u00ednez a 15 a\u00f1os de impunidad"},"content":{"rendered":"\n<p><\/p>\n\n\n\n<p>1 de marzo de 2025<\/p>\n\n\n\n<p>Chihuahua, Chih., M\u00e9xico a 1\u00b0 de marzo de 2025.- Hoy se cumplen 15 a\u00f1os del asesinato del licenciado Ernesto R\u00e1bago Mart\u00ednez, defensor de derechos humanos.<\/p>\n\n\n\n<p>Nos reunimos en la iglesia del Sagrado Coraz\u00f3n de Jes\u00fas para caminar hacia la Fiscal\u00eda General del Estado, y concluir aqu\u00ed frente a la Cruz de Clavos con un doble prop\u00f3sito:<\/p>\n\n\n\n<p>Primero, conmemorar la vida de Ernesto, quien dedic\u00f3 su labor a la causa de la Justicia.<\/p>\n\n\n\n<p>Segundo, exigir, una vez m\u00e1s, una investigaci\u00f3n seria, exhaustiva, oficiosa, imparcial y responsable que lleve a la detenci\u00f3n y castigo de las personas responsables de su asesinato.<\/p>\n\n\n\n<p>Estamos cansados de ver administraciones gubernamentales que entran y salen sin avances significativos en la investigaci\u00f3n del caso. Hoy estamos aqu\u00ed para recordarle a las autoridades de los distintos niveles de gobierno que no olvidamos, que seguimos de pie, juntos y juntas, firmes en contra de la impunidad.<\/p>\n\n\n\n<p>A lo largo de estos 15 a\u00f1os, la comunidad rar\u00e1muri de Bak\u00e9achi ha demostrado ser un referente de lucha y resistencia, logrando la recuperaci\u00f3n de m\u00e1s de 21 mil hect\u00e1reas de su territorio ancestral. Sin embargo, esta lucha est\u00e1 lejos de terminar, pues las agresiones, amenazas y atentados contra los principales l\u00edderes de la comunidad y su representante legal, Estela \u00c1ngeles Mondrag\u00f3n, contin\u00faan impunes.<\/p>\n\n\n\n<p>Les recordamos que las comunidades rar\u00e1muri de Bak\u00e9achi, Chin\u00e9achi, Bakuseachi y Huehuech\u00e9rare sabemos ser persistentes y tenaces en la b\u00fasqueda de la Justicia. No descansaremos hasta alcanzarla.<\/p>\n\n\n\n<p>\u00a1Justicia para Ernesto!<\/p>\n\n\n\n<p>War\u00fa mat\u00e9tere&#8217; ba<\/p>\n","protected":false},"excerpt":{"rendered":"<p>1 de marzo de 2025 Chihuahua, Chih., M\u00e9xico a 1\u00b0 de marzo de 2025.- Hoy se cumplen 15 a\u00f1os del asesinato del licenciado Ernesto R\u00e1bago Mart\u00ednez, defensor de derechos humanos. Nos reunimos en la iglesia del Sagrado Coraz\u00f3n de Jes\u00fas para caminar hacia la Fiscal\u00eda General del Estado, y concluir aqu\u00ed frente a la Cruz [&hellip;]<\/p>\n","protected":false},"author":3,"featured_media":9784,"comment_status":"open","ping_status":"open","sticky":false,"template":"","format":"standard","meta":{"footnotes":""},"categories":[1],"tags":[],"class_list":["post-9783","post","type-post","status-publish","format-standard","has-post-thumbnail","hentry","category-sin-categoria"],"_links":{"self":[{"href":"https:\/\/cedehm.org.mx\/es\/wp-json\/wp\/v2\/posts\/9783","targetHints":{"allow":["GET"]}}],"collection":[{"href":"https:\/\/cedehm.org.mx\/es\/wp-json\/wp\/v2\/posts"}],"about":[{"href":"https:\/\/cedehm.org.mx\/es\/wp-json\/wp\/v2\/types\/post"}],"author":[{"embeddable":true,"href":"https:\/\/cedehm.org.mx\/es\/wp-json\/wp\/v2\/users\/3"}],"replies":[{"embeddable":true,"href":"https:\/\/cedehm.org.mx\/es\/wp-json\/wp\/v2\/comments?post=9783"}],"version-history":[{"count":1,"href":"https:\/\/cedehm.org.mx\/es\/wp-json\/wp\/v2\/posts\/9783\/revisions"}],"predecessor-version":[{"id":9785,"href":"https:\/\/cedehm.org.mx\/es\/wp-json\/wp\/v2\/posts\/9783\/revisions\/9785"}],"wp:featuredmedia":[{"embeddable":true,"href":"https:\/\/cedehm.org.mx\/es\/wp-json\/wp\/v2\/media\/9784"}],"wp:attachment":[{"href":"https:\/\/cedehm.org.mx\/es\/wp-json\/wp\/v2\/media?parent=9783"}],"wp:term":[{"taxonomy":"category","embeddable":true,"href":"https:\/\/cedehm.org.mx\/es\/wp-json\/wp\/v2\/categories?post=9783"},{"taxonomy":"post_tag","embeddable":true,"href":"https:\/\/cedehm.org.mx\/es\/wp-json\/wp\/v2\/tags?post=9783"}],"curies":[{"name":"wp","href":"https:\/\/api.w.org\/{rel}","templated":true}]}}