{"id":9810,"date":"2025-08-30T07:36:06","date_gmt":"2025-08-30T13:36:06","guid":{"rendered":"https:\/\/cedehm.org.mx\/es\/?p=9810"},"modified":"2025-08-30T07:36:23","modified_gmt":"2025-08-30T13:36:23","slug":"dia-internacional-de-las-victimas-de-desapariciones-forzadas-2","status":"publish","type":"post","link":"https:\/\/cedehm.org.mx\/es\/2025\/08\/30\/dia-internacional-de-las-victimas-de-desapariciones-forzadas-2\/","title":{"rendered":"D\u00eda Internacional de las V\u00edctimas de Desapariciones Forzadas"},"content":{"rendered":"\n<p>Comunicado de prensa<\/p>\n\n\n\n<figure class=\"wp-block-image size-large\"><img loading=\"lazy\" decoding=\"async\" width=\"1024\" height=\"682\" src=\"https:\/\/cedehm.org.mx\/es\/wp-content\/uploads\/2025\/08\/WhatsApp-Image-2025-08-29-at-12.58.11-PM-1024x682.jpeg\" alt=\"\" class=\"wp-image-9811\" srcset=\"https:\/\/cedehm.org.mx\/es\/wp-content\/uploads\/2025\/08\/WhatsApp-Image-2025-08-29-at-12.58.11-PM-1024x682.jpeg 1024w, https:\/\/cedehm.org.mx\/es\/wp-content\/uploads\/2025\/08\/WhatsApp-Image-2025-08-29-at-12.58.11-PM-300x200.jpeg 300w, https:\/\/cedehm.org.mx\/es\/wp-content\/uploads\/2025\/08\/WhatsApp-Image-2025-08-29-at-12.58.11-PM-768x512.jpeg 768w, https:\/\/cedehm.org.mx\/es\/wp-content\/uploads\/2025\/08\/WhatsApp-Image-2025-08-29-at-12.58.11-PM-1536x1023.jpeg 1536w, https:\/\/cedehm.org.mx\/es\/wp-content\/uploads\/2025\/08\/WhatsApp-Image-2025-08-29-at-12.58.11-PM.jpeg 1600w\" sizes=\"auto, (max-width: 1024px) 100vw, 1024px\" \/><\/figure>\n\n\n\n<p>Chihuahua, Chih., 30 de agosto de 2025<\/p>\n\n\n\n<p>En el marco del D\u00eda Internacional de las V\u00edctimas de Desapariciones Forzadas, desde el Centro de Derechos Humanos de las Mujeres (CEDEHM) acompa\u00f1amos a las familias buscadoras de Chihuahua y de todo el pa\u00eds en su exigencia de verdad, justicia y memoria.<\/p>\n\n\n\n<p>Hoy, m\u00e1s de 4,000 personas permanecen desaparecidas en nuestro estado y m\u00e1s de 130,000 en M\u00e9xico. La crisis de desapariciones constituye una de las m\u00e1s graves violaciones de derechos humanos en la historia reciente, y la falta de resultados en la b\u00fasqueda, la identificaci\u00f3n forense y el acceso a la justicia profundiza el dolor y la revictimizaci\u00f3n de las familias.<\/p>\n\n\n\n<p>En este contexto, desde el CEDEHM expresamos nuestra preocupaci\u00f3n por la iniciativa que pretende crear una Fiscal\u00eda Especializada en Personas Desaparecidas en Chihuahua sin consultar a las familias v\u00edctimas. Este tipo de propuestas no solo desconoce su derecho a la participaci\u00f3n efectiva, sino que representa un retroceso en conquistas logradas por a\u00f1os de lucha de madres, hijas, hijos, esposas y hermanas que no han dejado de buscar.<\/p>\n\n\n\n<p>Reiteramos lo que las familias han se\u00f1alado con claridad: ninguna pol\u00edtica p\u00fablica ni decisi\u00f3n en materia de desaparici\u00f3n debe hacerse sin su participaci\u00f3n activa y sustantiva. Sin las familias no.<\/p>\n\n\n\n<p>Adem\u00e1s, en este d\u00eda de memoria y exigencia:<\/p>\n\n\n\n<p>Llamamos al Congreso del Estado a detener cualquier intento de aprobar reformas o iniciativas en la materia sin un proceso de consulta real con las familias.<\/p>\n\n\n\n<p>Exigimos al Poder Ejecutivo Estatal fortalecer las instituciones de b\u00fasqueda e investigaci\u00f3n, dotarlas de presupuesto suficiente y garantizar perfiles especializados en la atenci\u00f3n de casos.<\/p>\n\n\n\n<p>Instamos al Poder Judicial a colocarse del lado de la verdad y la justicia, evitando convertirse en c\u00f3mplice de la impunidad.<\/p>\n\n\n\n<p>Hacemos un llamado a la sociedad en su conjunto a no normalizar la desaparici\u00f3n, a acompa\u00f1ar a las familias buscadoras y a alzar la voz para exigir un futuro donde nadie m\u00e1s falte.<\/p>\n\n\n\n<p>El dolor y la ausencia no deben ser indiferentes para nadie. La lucha de las familias nos recuerda que la desaparici\u00f3n de una sola persona es una herida que atraviesa a toda la sociedad.<\/p>\n\n\n\n<p>Desde el CEDEHM reiteramos: las familias son el coraz\u00f3n de la b\u00fasqueda y su voz debe guiar cualquier pol\u00edtica p\u00fablica. Nada sobre ellas, ni sin ellas.<\/p>\n\n\n\n<p>\u00a1Porque vivos se los llevaron, vivos los queremos!<\/p>\n\n\n\n<p>\u00a1Porque vivas se las llevaron, vivas las queremos!<\/p>\n","protected":false},"excerpt":{"rendered":"<p>Comunicado de prensa Chihuahua, Chih., 30 de agosto de 2025 En el marco del D\u00eda Internacional de las V\u00edctimas de Desapariciones Forzadas, desde el Centro de Derechos Humanos de las Mujeres (CEDEHM) acompa\u00f1amos a las familias buscadoras de Chihuahua y de todo el pa\u00eds en su exigencia de verdad, justicia y memoria. Hoy, m\u00e1s de [&hellip;]<\/p>\n","protected":false},"author":5,"featured_media":9811,"comment_status":"open","ping_status":"open","sticky":false,"template":"","format":"standard","meta":{"footnotes":""},"categories":[1],"tags":[],"class_list":["post-9810","post","type-post","status-publish","format-standard","has-post-thumbnail","hentry","category-sin-categoria"],"_links":{"self":[{"href":"https:\/\/cedehm.org.mx\/es\/wp-json\/wp\/v2\/posts\/9810","targetHints":{"allow":["GET"]}}],"collection":[{"href":"https:\/\/cedehm.org.mx\/es\/wp-json\/wp\/v2\/posts"}],"about":[{"href":"https:\/\/cedehm.org.mx\/es\/wp-json\/wp\/v2\/types\/post"}],"author":[{"embeddable":true,"href":"https:\/\/cedehm.org.mx\/es\/wp-json\/wp\/v2\/users\/5"}],"replies":[{"embeddable":true,"href":"https:\/\/cedehm.org.mx\/es\/wp-json\/wp\/v2\/comments?post=9810"}],"version-history":[{"count":1,"href":"https:\/\/cedehm.org.mx\/es\/wp-json\/wp\/v2\/posts\/9810\/revisions"}],"predecessor-version":[{"id":9812,"href":"https:\/\/cedehm.org.mx\/es\/wp-json\/wp\/v2\/posts\/9810\/revisions\/9812"}],"wp:featuredmedia":[{"embeddable":true,"href":"https:\/\/cedehm.org.mx\/es\/wp-json\/wp\/v2\/media\/9811"}],"wp:attachment":[{"href":"https:\/\/cedehm.org.mx\/es\/wp-json\/wp\/v2\/media?parent=9810"}],"wp:term":[{"taxonomy":"category","embeddable":true,"href":"https:\/\/cedehm.org.mx\/es\/wp-json\/wp\/v2\/categories?post=9810"},{"taxonomy":"post_tag","embeddable":true,"href":"https:\/\/cedehm.org.mx\/es\/wp-json\/wp\/v2\/tags?post=9810"}],"curies":[{"name":"wp","href":"https:\/\/api.w.org\/{rel}","templated":true}]}}