{"id":9826,"date":"2025-12-11T09:16:32","date_gmt":"2025-12-11T16:16:32","guid":{"rendered":"https:\/\/cedehm.org.mx\/es\/?p=9826"},"modified":"2025-12-15T11:51:42","modified_gmt":"2025-12-15T18:51:42","slug":"programa-semilla-jovenes-por-los-derechos-humanos","status":"publish","type":"post","link":"https:\/\/cedehm.org.mx\/es\/2025\/12\/11\/programa-semilla-jovenes-por-los-derechos-humanos\/","title":{"rendered":"PROGRAMA SEMILLA-J\u00f3venes por los Derechos Humanos"},"content":{"rendered":"\n<figure class=\"wp-block-image size-large\"><img loading=\"lazy\" decoding=\"async\" width=\"1024\" height=\"731\" src=\"https:\/\/cedehm.org.mx\/es\/wp-content\/uploads\/2025\/12\/entrada-programa-semilla-1024x731.jpg\" alt=\"\" class=\"wp-image-9828\" srcset=\"https:\/\/cedehm.org.mx\/es\/wp-content\/uploads\/2025\/12\/entrada-programa-semilla-1024x731.jpg 1024w, https:\/\/cedehm.org.mx\/es\/wp-content\/uploads\/2025\/12\/entrada-programa-semilla-300x214.jpg 300w, https:\/\/cedehm.org.mx\/es\/wp-content\/uploads\/2025\/12\/entrada-programa-semilla-768x549.jpg 768w, https:\/\/cedehm.org.mx\/es\/wp-content\/uploads\/2025\/12\/entrada-programa-semilla-1536x1097.jpg 1536w, https:\/\/cedehm.org.mx\/es\/wp-content\/uploads\/2025\/12\/entrada-programa-semilla-2048x1463.jpg 2048w\" sizes=\"auto, (max-width: 1024px) 100vw, 1024px\" \/><\/figure>\n\n\n\n<p data-wp-context---core-fit-text=\"core\/fit-text::{&quot;fontSize&quot;:&quot;&quot;}\" data-wp-init---core-fit-text=\"core\/fit-text::callbacks.init\" data-wp-interactive data-wp-style--font-size=\"core\/fit-text::context.fontSize\" class=\"has-text-align-center has-fit-text\" style=\"font-size:18px\">El Centro de Derechos Humanos de las Mujeres &#8211; CEDEHM &#8211; invita a las y los estudiantes de<br>licenciatura en derecho de todas las instituciones de educaci\u00f3n superior a participar en el proceso<br>de selecci\u00f3n del Programa Semilla, una formaci\u00f3n de alto nivel en derechos humanos, sistema de<br>justicia y litigio estrat\u00e9gico. Quienes participen desarrollar\u00e1n competencias reales y aplicables en<br>contextos de alta exigencia profesional, incorpor\u00e1ndose a una comunidad de personas defensoras<br>reconocida, con opciones de vinculaci\u00f3n en instituciones y organizaciones dedicadas a la defensa<br>de los derechos humanos en M\u00e9xico.<\/p>\n\n\n\n<div class=\"wp-block-group\"><div class=\"wp-block-group__inner-container is-layout-constrained wp-block-group-is-layout-constrained\">\n<p class=\"has-vivid-purple-color has-text-color has-link-color has-medium-font-size wp-elements-4e5bb8785a0cc9c66ed0fd55258ceaa1\"><strong>Requisitos de participaci\u00f3n<\/strong><\/p>\n\n\n\n<ul class=\"wp-block-list\">\n<li>Ser estudiante universitario\/a (cuarto semestre en adelante\/ licenciatura en derecho).<\/li>\n\n\n\n<li>Contar con un promedio m\u00ednimo de 8.5.<\/li>\n\n\n\n<li>Presentar solicitud de ingreso: ingresa en el siguiente link para llenar el formulario <mark style=\"background-color:rgba(0, 0, 0, 0)\" class=\"has-inline-color has-vivid-purple-color\"><a href=\"https:\/\/docs.google.com\/forms\/d\/e\/1FAIpQLScB0_qMMJAv-tPv-yaElhpLI7BXe5vDlb_gduyOYYN9p7IH7A\/viewform?usp=sharing&amp;ouid=104641731272538373282\">Solicitud Postulaci\u00f3n Programa Semilla<\/a><\/mark><\/li>\n\n\n\n<li>carta de motivos.<\/li>\n\n\n\n<li>Participar en entrevista ante la Mesa de Expertos\/as del programa.<\/li>\n\n\n\n<li>Disponibilidad para cumplir el plan formativo y las actividades pr\u00e1cticas en horario matutino.<\/li>\n<\/ul>\n\n\n\n<p class=\"has-vivid-purple-color has-text-color has-link-color has-medium-font-size wp-elements-0b681a10f37b69460b3e44713bcd8ba0\"><strong>Incentivos y beneficios<\/strong><\/p>\n\n\n\n<ul class=\"wp-block-list\">\n<li>Formaci\u00f3n de alta especializaci\u00f3n, impartida por especialistas en DDHH, justicia penal, amparo, litigio estrat\u00e9gico, comunicaci\u00f3n y g\u00e9nero.<\/li>\n\n\n\n<li>Participaci\u00f3n directa en proyectos reales de documentaci\u00f3n, acompa\u00f1amiento y an\u00e1lisis.<\/li>\n\n\n\n<li>Certificaci\u00f3n oficial de horas de servicio social.<\/li>\n\n\n\n<li>Constancias por m\u00f3dulos especializados cursados.<\/li>\n\n\n\n<li>Certificado de egreso del Programa Semilla.<\/li>\n\n\n\n<li>Carta de recomendaci\u00f3n institucional para futuras oportunidades acad\u00e9micas o laborales.<\/li>\n\n\n\n<li>Prioridad en la bolsa de trabajo de organizaciones de DDHH.<\/li>\n\n\n\n<li>Oportunidad de postular a pasant\u00edas nacionales e internacionales de alto prestigio.<\/li>\n<\/ul>\n\n\n\n<p class=\"has-vivid-purple-color has-text-color has-link-color has-medium-font-size wp-elements-5da3214bdf77c60498efd65262cb607f\"><strong>Proceso de selecci\u00f3n<\/strong><\/p>\n\n\n\n<ul class=\"wp-block-list\">\n<li>Apertura de convocatoria: 8 de diciembre del 2025<\/li>\n\n\n\n<li>Cierre de registro: 19 de diciembre del 2025<\/li>\n\n\n\n<li>Revisi\u00f3n documental y acad\u00e9mica.<\/li>\n\n\n\n<li>Entrevista con la Mesa de Expertos\/as: 5 al 9 de<\/li>\n\n\n\n<li>enero del 2026<\/li>\n\n\n\n<li>Publicaci\u00f3n de resultados: 11 de enero del 2026<\/li>\n<\/ul>\n\n\n\n<p class=\"has-vivid-purple-color has-text-color has-link-color has-medium-font-size wp-elements-b38c778b784934d17f7a16e080a8ab17\"><strong>Descarga aqu\u00ed: <\/strong><a href=\"https:\/\/drive.google.com\/drive\/folders\/1soRPNnZZi53vwv44mlq19Jtj7llp1U4u?usp=sharing\"><strong>Bases del Programa Semilla<\/strong><\/a><\/p>\n\n\n\n<p class=\"has-vivid-purple-color has-text-color has-link-color wp-elements-284183eaeb7827aa3d2427b34de6b5aa\" style=\"font-size:26px\"><strong>Inicio del programa: 26 de enero 2026<\/strong><\/p>\n<\/div><\/div>\n\n\n\n<div class=\"wp-block-group\"><div class=\"wp-block-group__inner-container is-layout-constrained wp-block-group-is-layout-constrained\">\n<p class=\"has-small-font-size\">Nota: El CEDEHM selecciona de manera activa la participaci\u00f3n de personas que hist\u00f3ricamente han enfrentado situaciones de exclusi\u00f3n. Esto incluye, entre otras, a mujeres \u2014incluidas mujeres autoidentificadas\u2014, personas LGBTQI+, mujeres con discapacidad, personas pertenecientes a pueblos y comunidades ind\u00edgenas o grupos racializados, as\u00ed como personas en situaci\u00f3n de desplazamiento forzado. Nuestro objetivo es asegurar que sus voces, experiencias y liderazgos est\u00e9n presentes y sean parte central de los procesos que impulsamos.<\/p>\n\n\n\n<div class=\"wp-block-group\"><div class=\"wp-block-group__inner-container is-layout-constrained wp-block-group-is-layout-constrained\">\n<p class=\"has-vivid-purple-color has-text-color has-link-color wp-elements-661478fbe01ff5bba8b85c11fdd92d23\"><strong>Informaci\u00f3n<\/strong><\/p>\n\n\n\n<ul class=\"wp-block-list\">\n<li>Correo: comunicacion@cedehm.org.mx<\/li>\n\n\n\n<li>Tel\u00e9fono: 6141420946<\/li>\n<\/ul>\n<\/div><\/div>\n\n\n\n<p><\/p>\n<\/div><\/div>\n\n\n\n<p><\/p>\n","protected":false},"excerpt":{"rendered":"<p>El Centro de Derechos Humanos de las Mujeres &#8211; CEDEHM &#8211; invita a las y los estudiantes delicenciatura en derecho de todas las instituciones de educaci\u00f3n superior a participar en el procesode selecci\u00f3n del Programa Semilla, una formaci\u00f3n de alto nivel en derechos humanos, sistema dejusticia y litigio estrat\u00e9gico. Quienes participen desarrollar\u00e1n competencias reales y [&hellip;]<\/p>\n","protected":false},"author":5,"featured_media":9828,"comment_status":"open","ping_status":"open","sticky":false,"template":"","format":"standard","meta":{"footnotes":""},"categories":[1],"tags":[],"class_list":["post-9826","post","type-post","status-publish","format-standard","has-post-thumbnail","hentry","category-sin-categoria"],"_links":{"self":[{"href":"https:\/\/cedehm.org.mx\/es\/wp-json\/wp\/v2\/posts\/9826","targetHints":{"allow":["GET"]}}],"collection":[{"href":"https:\/\/cedehm.org.mx\/es\/wp-json\/wp\/v2\/posts"}],"about":[{"href":"https:\/\/cedehm.org.mx\/es\/wp-json\/wp\/v2\/types\/post"}],"author":[{"embeddable":true,"href":"https:\/\/cedehm.org.mx\/es\/wp-json\/wp\/v2\/users\/5"}],"replies":[{"embeddable":true,"href":"https:\/\/cedehm.org.mx\/es\/wp-json\/wp\/v2\/comments?post=9826"}],"version-history":[{"count":9,"href":"https:\/\/cedehm.org.mx\/es\/wp-json\/wp\/v2\/posts\/9826\/revisions"}],"predecessor-version":[{"id":9841,"href":"https:\/\/cedehm.org.mx\/es\/wp-json\/wp\/v2\/posts\/9826\/revisions\/9841"}],"wp:featuredmedia":[{"embeddable":true,"href":"https:\/\/cedehm.org.mx\/es\/wp-json\/wp\/v2\/media\/9828"}],"wp:attachment":[{"href":"https:\/\/cedehm.org.mx\/es\/wp-json\/wp\/v2\/media?parent=9826"}],"wp:term":[{"taxonomy":"category","embeddable":true,"href":"https:\/\/cedehm.org.mx\/es\/wp-json\/wp\/v2\/categories?post=9826"},{"taxonomy":"post_tag","embeddable":true,"href":"https:\/\/cedehm.org.mx\/es\/wp-json\/wp\/v2\/tags?post=9826"}],"curies":[{"name":"wp","href":"https:\/\/api.w.org\/{rel}","templated":true}]}}